{"id":103,"date":"2020-04-24T04:40:06","date_gmt":"2020-04-24T04:40:06","guid":{"rendered":"https:\/\/revistagasolineros.com\/?p=103"},"modified":"2020-06-11T11:25:26","modified_gmt":"2020-06-11T17:25:26","slug":"covid19","status":"publish","type":"post","link":"https:\/\/revistagasolineros.com\/index.php\/2020\/04\/24\/covid19\/","title":{"rendered":"Asamblea Legislativa aprueba ley de reducci\u00f3n de jornadas de trabajo ante emergencia por Covid-19"},"content":{"rendered":"\n<p><br>El 06 de marzo\ndel presente a\u00f1o el pa\u00eds da a conocer que posee el primer caso de COVID 19,\ndesde este momento la normalidad del pa\u00eds sufre varias transformaciones en\ntodas las \u00e1reas de la gesti\u00f3n empresarial, en este art\u00edculo nos referiremos a la\nrelaci\u00f3n contractual con los colaboradores, ya que fue dr\u00e1sticamente permeada.<\/p>\n\n\n\n<p>La Asamblea Legislativa aprob\u00f3 diferentes iniciativas tendientes a que\nse adapten los contratos y horarios de trabajo, una de ellas se trata de\nla&nbsp;Ley de Autorizaci\u00f3n de Reducci\u00f3n de Jornadas de Trabajo ante la\nDeclaratoria de Emergencia Nacional, tramitada bajo el expediente 21.854 y\naprobada en segundo debate de forma un\u00e1nime por los 47 diputados. <\/p>\n\n\n\n<p><a href=\"http:\/\/www.asamblea.go.cr\/Centro_de_informacion\/Consultas_SIL\/SitePages\/ConsultaProyectos.aspx\">http:\/\/www.asamblea.go.cr\/Centro_de_informacion\/Consultas_SIL\/SitePages\/ConsultaProyectos.aspx<\/a><\/p>\n\n\n\n<p>Los legisladores\nestablecieron que los patrones pueden disminuir las jornadas y contratos laborales\nhasta el 50% y en empleadores cuya ca\u00edda de ingresos sobrepase el 60%, la\nreducci\u00f3n de la jornada podr\u00eda ser de hasta en un 75%.<\/p>\n\n\n\n<iframe loading=\"lazy\" width=\"560\" height=\"315\" src=\"https:\/\/www.youtube.com\/embed\/5yztAOftjvo\" frameborder=\"0\" allow=\"accelerometer; autoplay; encrypted-media; gyroscope; picture-in-picture\" allowfullscreen><\/iframe>\n\n\n\n<p><\/p>\n\n\n\n<p>Para Kendall Ruiz, Socio Director de Aselecom Abogados esta fue una respuesta para evitar despidos masivos.<\/p>\n\n\n\n<p>La reducci\u00f3n de la jornada ser\u00e1 por hasta tres meses, sin embargo, podr\u00e1 ser prorrogable por hasta seis meses y no podr\u00e1n aplicarse a trabajadoras embarazadas o en periodo de lactancia.<\/p>\n\n\n\n<figure class=\"wp-block-image\"><img loading=\"lazy\" decoding=\"async\" width=\"546\" height=\"1024\" src=\"https:\/\/revistagasolineros.com\/wp-content\/uploads\/2020\/04\/Medidas-para-la-proteccio\u0301n-del-empleo-en-EESS_compressed02-01-546x1024.png\" alt=\"\" class=\"wp-image-112\" srcset=\"https:\/\/revistagasolineros.com\/wp-content\/uploads\/2020\/04\/Medidas-para-la-proteccio\u0301n-del-empleo-en-EESS_compressed02-01-546x1024.png 546w, https:\/\/revistagasolineros.com\/wp-content\/uploads\/2020\/04\/Medidas-para-la-proteccio\u0301n-del-empleo-en-EESS_compressed02-01-160x300.png 160w, https:\/\/revistagasolineros.com\/wp-content\/uploads\/2020\/04\/Medidas-para-la-proteccio\u0301n-del-empleo-en-EESS_compressed02-01-768x1442.png 768w, https:\/\/revistagasolineros.com\/wp-content\/uploads\/2020\/04\/Medidas-para-la-proteccio\u0301n-del-empleo-en-EESS_compressed02-01.png 1415w\" sizes=\"auto, (max-width: 546px) 100vw, 546px\" \/><\/figure>\n","protected":false},"excerpt":{"rendered":"<p>El 06 de marzo del presente a\u00f1o el pa\u00eds da a conocer que posee el primer caso de COVID 19, desde este momento la normalidad del pa\u00eds sufre varias transformaciones en todas las \u00e1reas de la gesti\u00f3n empresarial, en este art\u00edculo nos referiremos a la relaci\u00f3n contractual con los colaboradores, ya que fue dr\u00e1sticamente permeada. [&hellip;]<\/p>\n","protected":false},"author":1,"featured_media":110,"comment_status":"closed","ping_status":"closed","sticky":false,"template":"","format":"standard","meta":{"_monsterinsights_skip_tracking":false,"_monsterinsights_sitenote_active":false,"_monsterinsights_sitenote_note":"","_monsterinsights_sitenote_category":0,"footnotes":""},"categories":[14,13],"tags":[29],"class_list":["post-103","post","type-post","status-publish","format-standard","has-post-thumbnail","hentry","category-covid-19","category-especialistas","tag-asamblealegislativa"],"aioseo_notices":[],"_links":{"self":[{"href":"https:\/\/revistagasolineros.com\/index.php\/wp-json\/wp\/v2\/posts\/103","targetHints":{"allow":["GET"]}}],"collection":[{"href":"https:\/\/revistagasolineros.com\/index.php\/wp-json\/wp\/v2\/posts"}],"about":[{"href":"https:\/\/revistagasolineros.com\/index.php\/wp-json\/wp\/v2\/types\/post"}],"author":[{"embeddable":true,"href":"https:\/\/revistagasolineros.com\/index.php\/wp-json\/wp\/v2\/users\/1"}],"replies":[{"embeddable":true,"href":"https:\/\/revistagasolineros.com\/index.php\/wp-json\/wp\/v2\/comments?post=103"}],"version-history":[{"count":8,"href":"https:\/\/revistagasolineros.com\/index.php\/wp-json\/wp\/v2\/posts\/103\/revisions"}],"predecessor-version":[{"id":424,"href":"https:\/\/revistagasolineros.com\/index.php\/wp-json\/wp\/v2\/posts\/103\/revisions\/424"}],"wp:featuredmedia":[{"embeddable":true,"href":"https:\/\/revistagasolineros.com\/index.php\/wp-json\/wp\/v2\/media\/110"}],"wp:attachment":[{"href":"https:\/\/revistagasolineros.com\/index.php\/wp-json\/wp\/v2\/media?parent=103"}],"wp:term":[{"taxonomy":"category","embeddable":true,"href":"https:\/\/revistagasolineros.com\/index.php\/wp-json\/wp\/v2\/categories?post=103"},{"taxonomy":"post_tag","embeddable":true,"href":"https:\/\/revistagasolineros.com\/index.php\/wp-json\/wp\/v2\/tags?post=103"}],"curies":[{"name":"wp","href":"https:\/\/api.w.org\/{rel}","templated":true}]}}