{"id":1226,"date":"2023-03-17T13:00:00","date_gmt":"2023-03-17T19:00:00","guid":{"rendered":"https:\/\/revistagasolineros.com\/?p=1226"},"modified":"2023-03-27T10:10:56","modified_gmt":"2023-03-27T16:10:56","slug":"camara-de-empresarios-del-combustible-asigna-nuevos-miembros-de-junta-directiva-para-el-periodo-2023-2025","status":"publish","type":"post","link":"https:\/\/revistagasolineros.com\/index.php\/2023\/03\/17\/camara-de-empresarios-del-combustible-asigna-nuevos-miembros-de-junta-directiva-para-el-periodo-2023-2025\/","title":{"rendered":"C\u00e1mara de Empresarios del Combustible asigna nuevos miembros de Junta Directiva para el periodo 2023-2025"},"content":{"rendered":"\n<iframe loading=\"lazy\" width=\"700\" height=\"400\" src=\"https:\/\/www.youtube.com\/embed\/y7MndMP0So4\" title=\"YouTube video player\" frameborder=\"0\" allow=\"accelerometer; autoplay; clipboard-write; encrypted-media; gyroscope; picture-in-picture; web-share\" allowfullscreen><\/iframe>\n\n\n\n<p><\/p>\n\n\n\n<p>Durante la Asamblea Ordinaria celebrada el pasado viernes 10 de marzo, los asociados eligieron nuevos integrantes de la Junta Directiva. Los puestos que, de acuerdo con los estatutos, adem\u00e1s del de presidencia, se sometieron a votaci\u00f3n fueron el de tesorer\u00eda, la vocal\u00eda 1 y la 2.<\/p>\n\n\n<div class=\"wp-block-image\">\n<figure class=\"alignleft size-full is-resized\"><img loading=\"lazy\" decoding=\"async\" src=\"https:\/\/revistagasolineros.com\/wp-content\/uploads\/2023\/03\/Luis-Fernando-Barrantes-Servicentro-Jicaral.jpg\" alt=\"\" class=\"wp-image-1227\" width=\"408\" height=\"272\" srcset=\"https:\/\/revistagasolineros.com\/wp-content\/uploads\/2023\/03\/Luis-Fernando-Barrantes-Servicentro-Jicaral.jpg 816w, https:\/\/revistagasolineros.com\/wp-content\/uploads\/2023\/03\/Luis-Fernando-Barrantes-Servicentro-Jicaral-300x200.jpg 300w, https:\/\/revistagasolineros.com\/wp-content\/uploads\/2023\/03\/Luis-Fernando-Barrantes-Servicentro-Jicaral-768x511.jpg 768w, https:\/\/revistagasolineros.com\/wp-content\/uploads\/2023\/03\/Luis-Fernando-Barrantes-Servicentro-Jicaral-210x140.jpg 210w, https:\/\/revistagasolineros.com\/wp-content\/uploads\/2023\/03\/Luis-Fernando-Barrantes-Servicentro-Jicaral-240x160.jpg 240w\" sizes=\"auto, (max-width: 408px) 100vw, 408px\" \/><\/figure><\/div>\n\n\n<p>En el caso de la tesorer\u00eda los asociados eligieron al se\u00f1or Luis Fernando Barrantes Chavarr\u00eda, del servicentro Jicaral, en sustituci\u00f3n del se\u00f1or Eladio Madriz. Barrantes es contador de profesi\u00f3n por lo que se mostr\u00f3 motivado por la responsabilidad que el gremio le asign\u00f3. Sin embargo, se comprometi\u00f3 a dar lo mejor en beneficio de la organizaci\u00f3n.<\/p>\n\n\n\n<p>Para la vocal\u00eda 1, la Asamblea propuso a la se\u00f1ora Pamela Yong Mart\u00ednez de la Bomba Montelimar de la regional de San Jos\u00e9, en lugar de la se\u00f1ora Kattia Mora. Ella es Administradora de Empresas y tiene m\u00e1s de 10 a\u00f1os al servicio del gremio gasolinero. Durante la designaci\u00f3n, la se\u00f1ora Yong agradeci\u00f3 la confianza que han puestos los empresarios en su capacidad para integrar tan importante posici\u00f3n en la C\u00e1mara.<\/p>\n\n\n<div class=\"wp-block-image\">\n<figure class=\"alignright size-full is-resized\"><img loading=\"lazy\" decoding=\"async\" src=\"https:\/\/revistagasolineros.com\/wp-content\/uploads\/2023\/03\/Pamela-Yong-Martinez-Bomba-Montelimar.jpg\" alt=\"\" class=\"wp-image-1228\" width=\"385\" height=\"257\" srcset=\"https:\/\/revistagasolineros.com\/wp-content\/uploads\/2023\/03\/Pamela-Yong-Martinez-Bomba-Montelimar.jpg 770w, https:\/\/revistagasolineros.com\/wp-content\/uploads\/2023\/03\/Pamela-Yong-Martinez-Bomba-Montelimar-300x200.jpg 300w, https:\/\/revistagasolineros.com\/wp-content\/uploads\/2023\/03\/Pamela-Yong-Martinez-Bomba-Montelimar-768x512.jpg 768w, https:\/\/revistagasolineros.com\/wp-content\/uploads\/2023\/03\/Pamela-Yong-Martinez-Bomba-Montelimar-210x140.jpg 210w, https:\/\/revistagasolineros.com\/wp-content\/uploads\/2023\/03\/Pamela-Yong-Martinez-Bomba-Montelimar-240x160.jpg 240w\" sizes=\"auto, (max-width: 385px) 100vw, 385px\" \/><\/figure><\/div>\n\n\n<p>El \u00faltimo puesto a votaci\u00f3n durante la sesi\u00f3n fue el de Vocal 2. Para esta posici\u00f3n los asamble\u00edstas eligieron al se\u00f1or Maynor Villegas Arias del Servicentro Monterrey, correspondiente a la regional de San Carlos, en sustituci\u00f3n del se\u00f1or Jorge Z\u00fa\u00f1iga. Don Maynor es comerciante y transportista que desde 1985 trabaja para el sector de los combustibles de nuestro pa\u00eds, por lo que entiende la din\u00e1mica y las necesidades de los empresarios que se dedican a esta actividad comercial.<\/p>\n\n\n\n<p>El nombramiento de estas personas como directivos de la organizaci\u00f3n es por un periodo de 2 a\u00f1os, con la posibilidad de reelegirse por dos periodos m\u00e1s. La C\u00e1mara de Empresarios del Combustible les desea muchos \u00e9xitos en esta nueva etapa profesional, con la confianza puesta en su gran gesti\u00f3n a favor del sector gasolinero de nuestro pa\u00eds.<\/p>\n\n\n\n<figure class=\"wp-block-image size-full\"><img loading=\"lazy\" decoding=\"async\" width=\"935\" height=\"623\" src=\"https:\/\/revistagasolineros.com\/wp-content\/uploads\/2023\/03\/Maynor-Villegas-Arias-Servicentro-Monterrey.jpg\" alt=\"\" class=\"wp-image-1229\" srcset=\"https:\/\/revistagasolineros.com\/wp-content\/uploads\/2023\/03\/Maynor-Villegas-Arias-Servicentro-Monterrey.jpg 935w, https:\/\/revistagasolineros.com\/wp-content\/uploads\/2023\/03\/Maynor-Villegas-Arias-Servicentro-Monterrey-300x200.jpg 300w, https:\/\/revistagasolineros.com\/wp-content\/uploads\/2023\/03\/Maynor-Villegas-Arias-Servicentro-Monterrey-768x512.jpg 768w, https:\/\/revistagasolineros.com\/wp-content\/uploads\/2023\/03\/Maynor-Villegas-Arias-Servicentro-Monterrey-210x140.jpg 210w, https:\/\/revistagasolineros.com\/wp-content\/uploads\/2023\/03\/Maynor-Villegas-Arias-Servicentro-Monterrey-240x160.jpg 240w\" sizes=\"auto, (max-width: 935px) 100vw, 935px\" \/><\/figure>\n","protected":false},"excerpt":{"rendered":"<p>Durante la Asamblea Ordinaria celebrada el pasado viernes 10 de marzo, los asociados eligieron nuevos integrantes de la Junta Directiva. Los puestos que, de acuerdo con los estatutos, adem\u00e1s del de presidencia, se sometieron a votaci\u00f3n fueron el de tesorer\u00eda, la vocal\u00eda 1 y la 2<\/p>\n","protected":false},"author":1,"featured_media":1230,"comment_status":"closed","ping_status":"closed","sticky":false,"template":"","format":"standard","meta":{"_monsterinsights_skip_tracking":false,"_monsterinsights_sitenote_active":false,"_monsterinsights_sitenote_note":"","_monsterinsights_sitenote_category":0,"footnotes":""},"categories":[5],"tags":[90,122],"class_list":["post-1226","post","type-post","status-publish","format-standard","has-post-thumbnail","hentry","category-desde-la-camara","tag-asamblea-general","tag-revista-gasolineros"],"aioseo_notices":[],"_links":{"self":[{"href":"https:\/\/revistagasolineros.com\/index.php\/wp-json\/wp\/v2\/posts\/1226","targetHints":{"allow":["GET"]}}],"collection":[{"href":"https:\/\/revistagasolineros.com\/index.php\/wp-json\/wp\/v2\/posts"}],"about":[{"href":"https:\/\/revistagasolineros.com\/index.php\/wp-json\/wp\/v2\/types\/post"}],"author":[{"embeddable":true,"href":"https:\/\/revistagasolineros.com\/index.php\/wp-json\/wp\/v2\/users\/1"}],"replies":[{"embeddable":true,"href":"https:\/\/revistagasolineros.com\/index.php\/wp-json\/wp\/v2\/comments?post=1226"}],"version-history":[{"count":5,"href":"https:\/\/revistagasolineros.com\/index.php\/wp-json\/wp\/v2\/posts\/1226\/revisions"}],"predecessor-version":[{"id":1248,"href":"https:\/\/revistagasolineros.com\/index.php\/wp-json\/wp\/v2\/posts\/1226\/revisions\/1248"}],"wp:featuredmedia":[{"embeddable":true,"href":"https:\/\/revistagasolineros.com\/index.php\/wp-json\/wp\/v2\/media\/1230"}],"wp:attachment":[{"href":"https:\/\/revistagasolineros.com\/index.php\/wp-json\/wp\/v2\/media?parent=1226"}],"wp:term":[{"taxonomy":"category","embeddable":true,"href":"https:\/\/revistagasolineros.com\/index.php\/wp-json\/wp\/v2\/categories?post=1226"},{"taxonomy":"post_tag","embeddable":true,"href":"https:\/\/revistagasolineros.com\/index.php\/wp-json\/wp\/v2\/tags?post=1226"}],"curies":[{"name":"wp","href":"https:\/\/api.w.org\/{rel}","templated":true}]}}