{"id":2711,"date":"2025-03-14T15:29:47","date_gmt":"2025-03-14T21:29:47","guid":{"rendered":"https:\/\/revistagasolineros.com\/?p=2711"},"modified":"2025-03-14T15:33:18","modified_gmt":"2025-03-14T21:33:18","slug":"camara-de-empresarios-del-combustible-renueva-liderazgos-en-su-junta-directiva","status":"publish","type":"post","link":"https:\/\/revistagasolineros.com\/index.php\/2025\/03\/14\/camara-de-empresarios-del-combustible-renueva-liderazgos-en-su-junta-directiva\/","title":{"rendered":"C\u00e1mara de Empresarios del Combustible renueva liderazgos en su Junta Directiva"},"content":{"rendered":"\n<figure class=\"wp-block-image size-full\"><img loading=\"lazy\" decoding=\"async\" width=\"1280\" height=\"721\" src=\"https:\/\/revistagasolineros.com\/wp-content\/uploads\/2025\/03\/IMAGEN-DESTACADA-2025-PRINCIPAL-1.png\" alt=\"\" class=\"wp-image-2713\" srcset=\"https:\/\/revistagasolineros.com\/wp-content\/uploads\/2025\/03\/IMAGEN-DESTACADA-2025-PRINCIPAL-1.png 1280w, https:\/\/revistagasolineros.com\/wp-content\/uploads\/2025\/03\/IMAGEN-DESTACADA-2025-PRINCIPAL-1-300x169.png 300w, https:\/\/revistagasolineros.com\/wp-content\/uploads\/2025\/03\/IMAGEN-DESTACADA-2025-PRINCIPAL-1-768x433.png 768w\" sizes=\"auto, (max-width: 1280px) 100vw, 1280px\" \/><\/figure>\n\n\n\n<p><\/p>\n\n\n\n<p>La Asamblea General Ordinaria de la C\u00e1mara de Empresarios del Combustible, que se realiz\u00f3 el 12 de marzo en el Hotel Radisson, marc\u00f3 un importante hito para la organizaci\u00f3n. Durante la reuni\u00f3n, se realiz\u00f3 la elecci\u00f3n del nuevo presidente de la C\u00e1mara, recayendo este cargo en el se\u00f1or Luis Fernando Barrantes, representante de la Estaci\u00f3n de Servicio Jicaral.<\/p>\n\n\n\n<p>La designaci\u00f3n de Barrantes representa un cambio significativo para la C\u00e1mara, que busca renovar sus fuerzas en aras de continuar liderando el sector de hidrocarburos mediante una visi\u00f3n fresca y estrat\u00e9gica. Su experiencia con el sector durante su tiempo como asociado y su paso como tesorero de la junta directiva lo posicionan como una figura clave para guiar a la organizaci\u00f3n en los desaf\u00edos que enfrenta la industria en la actualidad.<\/p>\n\n\n\n<p>Adem\u00e1s del cambio en la presidencia, se presentaron otras importantes renovaciones en la estructura directiva. La tesorer\u00eda estar\u00e1 ahora a cargo de la se\u00f1ora Pamela Yong, quien asume esta responsabilidad con el compromiso de fortalecer la gesti\u00f3n financiera de la organizaci\u00f3n. Asimismo, se eligieron dos nuevas vocal\u00edas: Ivannia Jim\u00e9nez, representante del Servicentro del Oeste, quien asume como vocal 1, y Alfonso Herrera, de la Estaci\u00f3n de Servicio La Trinidad del Po\u00e1s, quien fue elegido vocal 2. Estos cambios reflejan la diversidad y representatividad de los asociados en la toma de decisiones de la C\u00e1mara.<\/p>\n\n\n\n<figure class=\"wp-block-image size-full\"><img loading=\"lazy\" decoding=\"async\" width=\"1280\" height=\"460\" src=\"https:\/\/revistagasolineros.com\/wp-content\/uploads\/2025\/03\/IMAGEN-DESTACADA-2025-1.png\" alt=\"\" class=\"wp-image-2712\" srcset=\"https:\/\/revistagasolineros.com\/wp-content\/uploads\/2025\/03\/IMAGEN-DESTACADA-2025-1.png 1280w, https:\/\/revistagasolineros.com\/wp-content\/uploads\/2025\/03\/IMAGEN-DESTACADA-2025-1-300x108.png 300w, https:\/\/revistagasolineros.com\/wp-content\/uploads\/2025\/03\/IMAGEN-DESTACADA-2025-1-768x276.png 768w\" sizes=\"auto, (max-width: 1280px) 100vw, 1280px\" \/><\/figure>\n\n\n\n<p><\/p>\n\n\n\n<p>Durante la Asamblea, tambi\u00e9n se destac\u00f3 el trabajo y dedicaci\u00f3n del se\u00f1or Alberto Mes\u00e9n, quien estuvo al frente de la C\u00e1mara durante los \u00faltimos 6 a\u00f1os. Los asistentes expresaron un profundo agradecimiento por su liderazgo, esfuerzo y contribuci\u00f3n al crecimiento y fortalecimiento de la organizaci\u00f3n. <\/p>\n\n\n\n<p>Mes\u00e9n dej\u00f3 un legado importante que servir\u00e1 como base para los nuevos proyectos y metas que se plantee la C\u00e1mara bajo la direcci\u00f3n de Barrantes. Este cambio en la presidencia y en la estructura directiva refleja el compromiso de la C\u00e1mara de Empresarios del Combustible con la adaptaci\u00f3n a los retos del sector, siempre en beneficio de sus asociados y del desarrollo de la industria de los hidrocarburos\u00a0en\u00a0el\u00a0pa\u00eds.<\/p>\n\n\n\n<p><\/p>\n","protected":false},"excerpt":{"rendered":"<p>La Asamblea General Ordinaria de la C\u00e1mara de Empresarios del Combustible, que se realiz\u00f3 el 12 de marzo en el Hotel Radisson, marc\u00f3 un importante hito para la organizaci\u00f3n. Durante la reuni\u00f3n, se realiz\u00f3 la elecci\u00f3n del nuevo presidente de la C\u00e1mara, recayendo este cargo en el se\u00f1or Luis Fernando Barrantes, representante de la Estaci\u00f3n [&hellip;]<\/p>\n","protected":false},"author":1,"featured_media":2713,"comment_status":"closed","ping_status":"closed","sticky":false,"template":"","format":"standard","meta":{"_monsterinsights_skip_tracking":false,"_monsterinsights_sitenote_active":false,"_monsterinsights_sitenote_note":"","_monsterinsights_sitenote_category":0,"footnotes":""},"categories":[164,209,5],"tags":[272,122],"class_list":["post-2711","post","type-post","status-publish","format-standard","has-post-thumbnail","hentry","category-actualidad","category-asamblea","category-desde-la-camara","tag-camara-de-combustible","tag-revista-gasolineros"],"aioseo_notices":[],"_links":{"self":[{"href":"https:\/\/revistagasolineros.com\/index.php\/wp-json\/wp\/v2\/posts\/2711","targetHints":{"allow":["GET"]}}],"collection":[{"href":"https:\/\/revistagasolineros.com\/index.php\/wp-json\/wp\/v2\/posts"}],"about":[{"href":"https:\/\/revistagasolineros.com\/index.php\/wp-json\/wp\/v2\/types\/post"}],"author":[{"embeddable":true,"href":"https:\/\/revistagasolineros.com\/index.php\/wp-json\/wp\/v2\/users\/1"}],"replies":[{"embeddable":true,"href":"https:\/\/revistagasolineros.com\/index.php\/wp-json\/wp\/v2\/comments?post=2711"}],"version-history":[{"count":2,"href":"https:\/\/revistagasolineros.com\/index.php\/wp-json\/wp\/v2\/posts\/2711\/revisions"}],"predecessor-version":[{"id":2715,"href":"https:\/\/revistagasolineros.com\/index.php\/wp-json\/wp\/v2\/posts\/2711\/revisions\/2715"}],"wp:featuredmedia":[{"embeddable":true,"href":"https:\/\/revistagasolineros.com\/index.php\/wp-json\/wp\/v2\/media\/2713"}],"wp:attachment":[{"href":"https:\/\/revistagasolineros.com\/index.php\/wp-json\/wp\/v2\/media?parent=2711"}],"wp:term":[{"taxonomy":"category","embeddable":true,"href":"https:\/\/revistagasolineros.com\/index.php\/wp-json\/wp\/v2\/categories?post=2711"},{"taxonomy":"post_tag","embeddable":true,"href":"https:\/\/revistagasolineros.com\/index.php\/wp-json\/wp\/v2\/tags?post=2711"}],"curies":[{"name":"wp","href":"https:\/\/api.w.org\/{rel}","templated":true}]}}