{"id":2972,"date":"2025-06-13T09:50:50","date_gmt":"2025-06-13T15:50:50","guid":{"rendered":"https:\/\/revistagasolineros.com\/?p=2972"},"modified":"2025-06-13T14:36:31","modified_gmt":"2025-06-13T20:36:31","slug":"expo-gasolineros-2025-un-punto-de-encuentro-que-consolida-al-sector","status":"publish","type":"post","link":"https:\/\/revistagasolineros.com\/index.php\/2025\/06\/13\/expo-gasolineros-2025-un-punto-de-encuentro-que-consolida-al-sector\/","title":{"rendered":"Expo Gasolineros 2025: Un punto de encuentro que consolida al sector"},"content":{"rendered":"\n<figure class=\"wp-block-image size-large\"><img loading=\"lazy\" decoding=\"async\" width=\"1300\" height=\"641\" src=\"https:\/\/revistagasolineros.com\/wp-content\/uploads\/2025\/06\/imagenes-revista-expo-1300x641.jpg\" alt=\"\" class=\"wp-image-2974\" srcset=\"https:\/\/revistagasolineros.com\/wp-content\/uploads\/2025\/06\/imagenes-revista-expo-1300x641.jpg 1300w, https:\/\/revistagasolineros.com\/wp-content\/uploads\/2025\/06\/imagenes-revista-expo-300x148.jpg 300w, https:\/\/revistagasolineros.com\/wp-content\/uploads\/2025\/06\/imagenes-revista-expo-768x378.jpg 768w, https:\/\/revistagasolineros.com\/wp-content\/uploads\/2025\/06\/imagenes-revista-expo-1536x757.jpg 1536w, https:\/\/revistagasolineros.com\/wp-content\/uploads\/2025\/06\/imagenes-revista-expo-2048x1009.jpg 2048w\" sizes=\"auto, (max-width: 1300px) 100vw, 1300px\" \/><\/figure>\n\n\n\n<p><\/p>\n\n\n\n<p><strong>La cuarta edici\u00f3n de la Expo Gasolineros 2025, organizada por la C\u00e1mara de Empresarios del Combustible,<\/strong> se llev\u00f3 a cabo con un \u00e9xito rotundo no solo por la gran participaci\u00f3n, sino por los excelentes comentarios de los participantes, tanto de los representantes de estaciones de servicio, como tambi\u00e9n de los patrocinadores, esto se refleja en la participaci\u00f3n de<strong> m\u00e1s de 250 personas, en representaci\u00f3n de m\u00e1s de 140 estaciones de servicio de todo el pa\u00eds,<\/strong> esta cifra sin precedentes convierte a la Expo 2025 en <strong>la edici\u00f3n con mayor concurrencia hasta la fecha<\/strong>, superando los encuentros anteriores en nivel de convocatoria y alcance institucional.<\/p>\n\n\n\n<h2 class=\"wp-block-heading\">Una Expo hist\u00f3rica<\/h2>\n\n\n\n<p>La Expo fue mucho m\u00e1s que una feria comercial: fue una oportunidad para el di\u00e1logo, el aprendizaje y la articulaci\u00f3n de esfuerzos entre empresarios, entes reguladores, expertos t\u00e9cnicos y proveedores. La presencia de autoridades como el <strong>Intendente de Energ\u00eda de la ARESEP, Mario Mora,<\/strong> y el <strong>viceministro de Energ\u00eda del MINAE, Ronny Rodr\u00edguez,<\/strong> reafirm\u00f3 la importancia del trabajo conjunto entre el sector privado y el Estado. Este encuentro se ha convertido en un espacio de referencia para la industria de distribuci\u00f3n de combustibles en Costa Rica.<\/p>\n\n\n\n<figure class=\"wp-block-image size-large\"><img loading=\"lazy\" decoding=\"async\" width=\"1300\" height=\"370\" src=\"https:\/\/revistagasolineros.com\/wp-content\/uploads\/2025\/06\/imagenes-revista-expo2-1300x370.jpg\" alt=\"\" class=\"wp-image-2975\" srcset=\"https:\/\/revistagasolineros.com\/wp-content\/uploads\/2025\/06\/imagenes-revista-expo2-1300x370.jpg 1300w, https:\/\/revistagasolineros.com\/wp-content\/uploads\/2025\/06\/imagenes-revista-expo2-300x85.jpg 300w, https:\/\/revistagasolineros.com\/wp-content\/uploads\/2025\/06\/imagenes-revista-expo2-768x219.jpg 768w, https:\/\/revistagasolineros.com\/wp-content\/uploads\/2025\/06\/imagenes-revista-expo2-1536x437.jpg 1536w, https:\/\/revistagasolineros.com\/wp-content\/uploads\/2025\/06\/imagenes-revista-expo2-2048x583.jpg 2048w\" sizes=\"auto, (max-width: 1300px) 100vw, 1300px\" \/><\/figure>\n\n\n\n<p><\/p>\n\n\n\n<p><em>\u201cEsta Expo es un espacio de di\u00e1logo, de aprendizaje y, sobre todo, de construcci\u00f3n colectiva cimentada precisamente en eso, la uni\u00f3n de fuerzas, conocimientos y voluntades\u201d<\/em>, se\u00f1al\u00f3 el presidente de la C\u00e1mara, don Fernando Barrantes Chavarr\u00eda.<\/p>\n\n\n\n<h2 class=\"wp-block-heading\">Ejes tem\u00e1ticos relevantes<\/h2>\n\n\n\n<p>La Expo sirvi\u00f3 como plataforma para abordar temas clave para la operaci\u00f3n segura y eficiente de estaciones de servicio. Se destac\u00f3 la colaboraci\u00f3n con entidades como ARESEP, MINAE, el TEC y CFIA quienes presentaron lineamientos para aclarar conceptos del nuevo decreto en lo referente a la construcci\u00f3n de nuevas estaciones de servicio y el uso de materiales certificados y protecci\u00f3n de infraestructura cr\u00edtica (como columnas met\u00e1licas).<\/p>\n\n\n\n<p>Tambi\u00e9n participaron expertos externos en materia de negocio y capital humano, abordando la sostenibilidad de empresas familiares del sector. Las conferencias incluyeron temas como:<\/p>\n\n\n\n<ul class=\"wp-block-list\">\n<li>Continuidad empresarial en el desarrollo de empresas familiares<\/li>\n\n\n\n<li>Resoluci\u00f3n efectiva de conflictos<\/li>\n\n\n\n<li>Reclutamiento estrat\u00e9gico<\/li>\n<\/ul>\n\n\n\n<p><strong>Entre los ponentes estuvieron Erick Guill\u00e9n Miranda, Jeffry Mu\u00f1oz Hern\u00e1ndez y Cristhian Monge Arce<\/strong><\/p>\n\n\n\n<p><em>\u201cHoy, m\u00e1s que nunca, enfrentamos desaf\u00edos que requieren unidad y compromiso\u2026 Pero como todo desaf\u00edo, tambi\u00e9n representa una oportunidad para elevar nuestros est\u00e1ndares, innovar y reforzar la transparencia\u201d,<\/em> a\u00f1adi\u00f3 Barrantes, en un llamado a la acci\u00f3n colectiva del gremio.<\/p>\n\n\n\n<figure class=\"wp-block-image size-large\"><img loading=\"lazy\" decoding=\"async\" width=\"1300\" height=\"370\" src=\"https:\/\/revistagasolineros.com\/wp-content\/uploads\/2025\/06\/imagenes-revista-expo3-1300x370.jpg\" alt=\"\" class=\"wp-image-2976\" srcset=\"https:\/\/revistagasolineros.com\/wp-content\/uploads\/2025\/06\/imagenes-revista-expo3-1300x370.jpg 1300w, https:\/\/revistagasolineros.com\/wp-content\/uploads\/2025\/06\/imagenes-revista-expo3-300x85.jpg 300w, https:\/\/revistagasolineros.com\/wp-content\/uploads\/2025\/06\/imagenes-revista-expo3-768x219.jpg 768w, https:\/\/revistagasolineros.com\/wp-content\/uploads\/2025\/06\/imagenes-revista-expo3-1536x437.jpg 1536w, https:\/\/revistagasolineros.com\/wp-content\/uploads\/2025\/06\/imagenes-revista-expo3-2048x583.jpg 2048w\" sizes=\"auto, (max-width: 1300px) 100vw, 1300px\" \/><\/figure>\n\n\n\n<p><\/p>\n\n\n\n<h2 class=\"wp-block-heading\">Impulso comercial y oportunidades para el sector<\/h2>\n\n\n\n<p><br>Uno de los aspectos m\u00e1s destacados de la Expo Gasolineros 2025 fue su robusto componente comercial. La feria cont\u00f3 con la participaci\u00f3n de 18 patrocinadores, todos ellos proveedores clave de servicios, equipos y soluciones para estaciones de servicio. Durante el evento, estos aliados estrat\u00e9gicos ofrecieron descuentos especiales, promociones exclusivas de feria y participaron activamente en rifas y din\u00e1micas promocionales.<\/p>\n\n\n\n<p>Los stands comerciales tambi\u00e9n fueron una vitrina de innovaci\u00f3n: los asistentes pudieron conocer de primera mano los \u00faltimos avances tecnol\u00f3gicos, nuevas l\u00edneas de productos, soluciones de seguridad, gesti\u00f3n operativa y mucho m\u00e1s. Cada visita a un expositor se convirti\u00f3 en una oportunidad valiosa para estrechar relaciones comerciales, identificar mejoras para sus operaciones y fortalecer el v\u00ednculo entre proveedor y empresario.<\/p>\n\n\n\n<p><br>La interacci\u00f3n entre marcas y participantes confirm\u00f3 el valor agregado que la Expo brinda al sector: un entorno profesional y din\u00e1mico donde se concretan alianzas, se comparten experiencias y se potencia la competitividad de las estaciones de servicio a nivel nacional.<\/p>\n\n\n\n<figure class=\"wp-block-image size-large\"><img loading=\"lazy\" decoding=\"async\" width=\"1300\" height=\"370\" src=\"https:\/\/revistagasolineros.com\/wp-content\/uploads\/2025\/06\/imagenes-revista-expo4-1-1300x370.jpg\" alt=\"\" class=\"wp-image-2978\" srcset=\"https:\/\/revistagasolineros.com\/wp-content\/uploads\/2025\/06\/imagenes-revista-expo4-1-1300x370.jpg 1300w, https:\/\/revistagasolineros.com\/wp-content\/uploads\/2025\/06\/imagenes-revista-expo4-1-300x85.jpg 300w, https:\/\/revistagasolineros.com\/wp-content\/uploads\/2025\/06\/imagenes-revista-expo4-1-768x219.jpg 768w, https:\/\/revistagasolineros.com\/wp-content\/uploads\/2025\/06\/imagenes-revista-expo4-1-1536x437.jpg 1536w, https:\/\/revistagasolineros.com\/wp-content\/uploads\/2025\/06\/imagenes-revista-expo4-1-2048x583.jpg 2048w\" sizes=\"auto, (max-width: 1300px) 100vw, 1300px\" \/><\/figure>\n\n\n\n<p><\/p>\n\n\n\n<h2 class=\"wp-block-heading\">Compromiso con el futuro<\/h2>\n\n\n\n<p>En palabras del presidente de la C\u00e1mara:<\/p>\n\n\n\n<p><em>\u201cLa energ\u00eda mueve a Costa Rica, y nosotros, como actores fundamentales, debemos asegurarnos de hacerlo con firmeza, seguridad, eficiencia y visi\u00f3n de futuro.\u201d<\/em><br><br>El evento concluy\u00f3 con una emotiva nota de gratitud por parte de los organizadores, destacando la agenda de trabajo colaborativa que la C\u00e1mara impulsa para construir un sector cada vez m\u00e1s resiliente, transparente y preparado para los desaf\u00edos del ma\u00f1ana.<\/p>\n\n\n\n<p><br><em>\u201cLa verdadera fuerza de la movilidad est\u00e1 en nuestras manos y la hemos ejercitado con responsabilidad e inteligencia\u201d<\/em>, puntualiz\u00f3 Barrantes, al cerrar una jornada marcada por el profesionalismo, el compa\u00f1erismo y el compromiso gremial.<\/p>\n\n\n\n<figure class=\"wp-block-image size-large\"><img loading=\"lazy\" decoding=\"async\" width=\"1300\" height=\"641\" src=\"https:\/\/revistagasolineros.com\/wp-content\/uploads\/2025\/06\/imagenes-revista-expo5-1300x641.jpg\" alt=\"\" class=\"wp-image-2979\" srcset=\"https:\/\/revistagasolineros.com\/wp-content\/uploads\/2025\/06\/imagenes-revista-expo5-1300x641.jpg 1300w, https:\/\/revistagasolineros.com\/wp-content\/uploads\/2025\/06\/imagenes-revista-expo5-300x148.jpg 300w, https:\/\/revistagasolineros.com\/wp-content\/uploads\/2025\/06\/imagenes-revista-expo5-768x378.jpg 768w, https:\/\/revistagasolineros.com\/wp-content\/uploads\/2025\/06\/imagenes-revista-expo5-1536x757.jpg 1536w, https:\/\/revistagasolineros.com\/wp-content\/uploads\/2025\/06\/imagenes-revista-expo5-2048x1009.jpg 2048w\" sizes=\"auto, (max-width: 1300px) 100vw, 1300px\" \/><\/figure>\n\n\n\n<p><\/p>\n\n\n\n<p>Con su convocatoria r\u00e9cord y un contenido centrado en eficiencia operativa, sostenibilidad empresarial y compromiso regulatorio, la Expo\u202fGasolineros\u202f2025 se confirma como la plataforma comercial m\u00e1s relevante del sector en el pa\u00eds. Para los entes reguladores, es garant\u00eda de mejora continua; para los consumidores, la confirmaci\u00f3n de est\u00e1ndares m\u00e1s altos en el servicio; y para los empresarios, una oportunidad decisiva para conjugar crecimiento e innovaci\u00f3n.<\/p>\n\n\n\n<p>Resaltamos las palabras del Intendente de Energ\u00eda de la ARESEP, el se\u00f1or Mario Mora, quien destac\u00f3 que la C\u00e1mara de Empresarios del Combustible, es el \u00fanico ente en materia de distribuci\u00f3n de combustibles, que abre espacios, para el dialogo nacional y la participaci\u00f3n de entidades rectoras y reguladoras, lo que para nosotros como representantes del sector gasolinero, nos impulsa a continuar con este tipo de actividades y pro del desarrollo del empresariado y mejoras al servicio a los consumidores.<\/p>\n","protected":false},"excerpt":{"rendered":"<p>La cuarta edici\u00f3n de la Expo Gasolineros 2025, organizada por la C\u00e1mara de Empresarios del Combustible, se llev\u00f3 a cabo con un \u00e9xito rotundo no solo por la gran participaci\u00f3n, sino por los excelentes comentarios de los participantes, tanto de los representantes de estaciones de servicio, como tambi\u00e9n de los patrocinadores, esto se refleja en [&hellip;]<\/p>\n","protected":false},"author":1,"featured_media":2982,"comment_status":"closed","ping_status":"closed","sticky":false,"template":"","format":"standard","meta":{"_monsterinsights_skip_tracking":false,"_monsterinsights_sitenote_active":false,"_monsterinsights_sitenote_note":"","_monsterinsights_sitenote_category":0,"footnotes":""},"categories":[285,5,118,86],"tags":[44,47,122],"class_list":["post-2972","post","type-post","status-publish","format-standard","has-post-thumbnail","hentry","category-celebracion","category-desde-la-camara","category-eventos","category-proveedores","tag-capacitaciones","tag-estaciones-de-servicio","tag-revista-gasolineros"],"aioseo_notices":[],"_links":{"self":[{"href":"https:\/\/revistagasolineros.com\/index.php\/wp-json\/wp\/v2\/posts\/2972","targetHints":{"allow":["GET"]}}],"collection":[{"href":"https:\/\/revistagasolineros.com\/index.php\/wp-json\/wp\/v2\/posts"}],"about":[{"href":"https:\/\/revistagasolineros.com\/index.php\/wp-json\/wp\/v2\/types\/post"}],"author":[{"embeddable":true,"href":"https:\/\/revistagasolineros.com\/index.php\/wp-json\/wp\/v2\/users\/1"}],"replies":[{"embeddable":true,"href":"https:\/\/revistagasolineros.com\/index.php\/wp-json\/wp\/v2\/comments?post=2972"}],"version-history":[{"count":8,"href":"https:\/\/revistagasolineros.com\/index.php\/wp-json\/wp\/v2\/posts\/2972\/revisions"}],"predecessor-version":[{"id":2993,"href":"https:\/\/revistagasolineros.com\/index.php\/wp-json\/wp\/v2\/posts\/2972\/revisions\/2993"}],"wp:featuredmedia":[{"embeddable":true,"href":"https:\/\/revistagasolineros.com\/index.php\/wp-json\/wp\/v2\/media\/2982"}],"wp:attachment":[{"href":"https:\/\/revistagasolineros.com\/index.php\/wp-json\/wp\/v2\/media?parent=2972"}],"wp:term":[{"taxonomy":"category","embeddable":true,"href":"https:\/\/revistagasolineros.com\/index.php\/wp-json\/wp\/v2\/categories?post=2972"},{"taxonomy":"post_tag","embeddable":true,"href":"https:\/\/revistagasolineros.com\/index.php\/wp-json\/wp\/v2\/tags?post=2972"}],"curies":[{"name":"wp","href":"https:\/\/api.w.org\/{rel}","templated":true}]}}