{"id":3184,"date":"2025-09-12T13:56:05","date_gmt":"2025-09-12T19:56:05","guid":{"rendered":"https:\/\/revistagasolineros.com\/?p=3184"},"modified":"2025-09-12T14:07:08","modified_gmt":"2025-09-12T20:07:08","slug":"independencia-en-movimiento-el-papel-de-las-estaciones-en-la-fiesta-patria","status":"publish","type":"post","link":"https:\/\/revistagasolineros.com\/index.php\/2025\/09\/12\/independencia-en-movimiento-el-papel-de-las-estaciones-en-la-fiesta-patria\/","title":{"rendered":"Independencia en movimiento: el papel de las estaciones en la fiesta patria"},"content":{"rendered":"\n<p>Cada mes de septiembre, Costa Rica se viste de azul, blanco y rojo para celebrar con orgullo su independencia. Es una fecha para recordar nuestra historia, nuestra identidad y tambi\u00e9n para reflexionar sobre lo que nos impulsa hoy como pa\u00eds.<\/p>\n\n\n\n<p>En 1821, los costarricenses celebraban la libertad con antorchas encendidas, jinetes a caballo y caravanas que recorr\u00edan los pueblos llevando la noticia de la independencia. Hoy, m\u00e1s de 200 a\u00f1os despu\u00e9s, esa misma esencia sigue viva, pero se mueve con otros motores: autom\u00f3viles, motocicletas y buses repletos de familias, estudiantes y trabajadores que reviven nuestras tradiciones en escuelas, parques y comunidades.<\/p>\n\n\n\n<p><strong>El rol de las estaciones en las fiestas patrias<\/strong><\/p>\n\n\n\n<p>Las estaciones de servicio no son solo paradas para repostar combustible. Son puntos estrat\u00e9gicos que aseguran que el pa\u00eds se mantenga en marcha durante las festividades patrias:<\/p>\n\n\n\n<ul class=\"wp-block-list\">\n<li>Facilitan el traslado seguro de miles de veh\u00edculos hacia los actos c\u00edvicos en todo el pa\u00eds.<\/li>\n\n\n\n<li>Garantizan un suministro constante y regulado, incluso en fechas de alta demanda.<\/li>\n\n\n\n<li>Generan empleo directo e indirecto, sosteniendo a cientos de familias y comunidades.<\/li>\n<\/ul>\n\n\n\n<p><\/p>\n\n\n\n<p><strong>Tradiciones que se viven en cada gasolinera<\/strong><\/p>\n\n\n\n<p>En todo el pa\u00eds, las estaciones se preparan con entusiasmo para vivir septiembre como una verdadera fiesta nacional.<\/p>\n\n\n\n<p>Rosalba Sanchez, representante de la Estaci\u00f3n de Servicio El Surco, ubicada en Cartago comenta:<\/p>\n\n\n\n<p><em>\u201cEl 15 de setiembre compartimos con los clientes alguna comida tradicional como tortilla de queso, tamal asado o cajetas. Los turistas extranjeros siempre se sorprenden y se maravillan de nuestra gastronom\u00eda. Adem\u00e1s, como equipo nos unimos para decorar y mostrar el orgullo de ser costarricenses\u201d.<\/em><\/p>\n\n\n\n<figure class=\"wp-block-image size-full\"><img loading=\"lazy\" decoding=\"async\" width=\"1280\" height=\"460\" src=\"https:\/\/revistagasolineros.com\/wp-content\/uploads\/2025\/09\/surco1.jpg\" alt=\"\" class=\"wp-image-3186\" srcset=\"https:\/\/revistagasolineros.com\/wp-content\/uploads\/2025\/09\/surco1.jpg 1280w, https:\/\/revistagasolineros.com\/wp-content\/uploads\/2025\/09\/surco1-300x108.jpg 300w, https:\/\/revistagasolineros.com\/wp-content\/uploads\/2025\/09\/surco1-768x276.jpg 768w\" sizes=\"auto, (max-width: 1280px) 100vw, 1280px\" \/><\/figure>\n\n\n\n<p><\/p>\n\n\n\n<p>Desde San Carlos, la gasolinera La Cristalina refleja el civismo en cada detalle:<\/p>\n\n\n\n<p><em>\u201cEs una tradici\u00f3n decorar. Nos recuerda que estamos en el mes patrio, que somos independientes, y tambi\u00e9n nos permite involucrar al personal, que aporta ideas y se encarga de embellecer los espacios con s\u00edmbolos patrios\u201d.<\/em><\/p>\n\n\n\n<p><\/p>\n\n\n\n<figure class=\"wp-block-image size-full\"><img loading=\"lazy\" decoding=\"async\" width=\"1280\" height=\"720\" src=\"https:\/\/revistagasolineros.com\/wp-content\/uploads\/2025\/09\/cristalina-1.jpg\" alt=\"\" class=\"wp-image-3203\" srcset=\"https:\/\/revistagasolineros.com\/wp-content\/uploads\/2025\/09\/cristalina-1.jpg 1280w, https:\/\/revistagasolineros.com\/wp-content\/uploads\/2025\/09\/cristalina-1-300x169.jpg 300w, https:\/\/revistagasolineros.com\/wp-content\/uploads\/2025\/09\/cristalina-1-768x432.jpg 768w\" sizes=\"auto, (max-width: 1280px) 100vw, 1280px\" \/><\/figure>\n\n\n\n<p><\/p>\n\n\n\n<p>En Uvita, las estaciones GS La Colonia y El Ceibo transmiten un mensaje de gratitud y uni\u00f3n:<\/p>\n\n\n\n<p><em>\u201cNuestra motivaci\u00f3n de decorar obedece al orgullo de pertenecer a este pa\u00eds. Septiembre es un mes para celebrar en familia, en comunidad y a nivel nacional esta fiesta patria que nos recuerda que somos libres e independientes\u201d.<\/em><\/p>\n\n\n\n<p><\/p>\n\n\n\n<figure class=\"wp-block-image size-full\"><img loading=\"lazy\" decoding=\"async\" width=\"1280\" height=\"720\" src=\"https:\/\/revistagasolineros.com\/wp-content\/uploads\/2025\/09\/la-colonia.jpg\" alt=\"\" class=\"wp-image-3188\" srcset=\"https:\/\/revistagasolineros.com\/wp-content\/uploads\/2025\/09\/la-colonia.jpg 1280w, https:\/\/revistagasolineros.com\/wp-content\/uploads\/2025\/09\/la-colonia-300x169.jpg 300w, https:\/\/revistagasolineros.com\/wp-content\/uploads\/2025\/09\/la-colonia-768x432.jpg 768w\" sizes=\"auto, (max-width: 1280px) 100vw, 1280px\" \/><\/figure>\n\n\n\n<p><\/p>\n\n\n\n<p><strong>Orgullo y uni\u00f3n en cada comunidad<\/strong><\/p>\n\n\n\n<p>As\u00ed como en 1821 la uni\u00f3n de los pueblos fue clave para alcanzar la libertad, hoy la movilidad de Costa Rica tambi\u00e9n depende de un sector comprometido con el bienestar colectivo. Desde el abastecimiento de combustible hasta la atenci\u00f3n en carretera, las estaciones est\u00e1n presentes, trabajando d\u00eda y noche para que el pa\u00eds no se detenga.<\/p>\n\n\n\n<p><strong><em>\u201cDetr\u00e1s de cada kil\u00f3metro recorrido hay estaciones que trabajan para que la independencia siga movi\u00e9ndose\u201d<\/em><\/strong><em>.<\/em><\/p>\n\n\n\n<p>Este 15 de septiembre, cuando escuches la banda del colegio tocar el Himno Nacional, cuando veas a los ni\u00f1os correr con la antorcha o viajes para visitar a tu familia, recuerda: cada trayecto posible es tambi\u00e9n gracias al esfuerzo de quienes mantienen el pa\u00eds en movimiento.<\/p>\n\n\n\n<p>Desde la C\u00e1mara de Empresarios del Combustible, reconocemos y agradecemos el compromiso de cada estaci\u00f3n, de cada colaborador y de cada consumidor que elige energ\u00eda segura, confiable y nacional.<\/p>\n\n\n\n<p><strong>\u00a1Porque celebrar la libertad tambi\u00e9n es valorar el camino que nos une!<\/strong><\/p>\n\n\n\n<p><\/p>\n\n\n\n<figure class=\"wp-block-gallery has-nested-images columns-default is-cropped wp-block-gallery-1 is-layout-flex wp-block-gallery-is-layout-flex\">\n<figure class=\"wp-block-image size-full\"><img loading=\"lazy\" decoding=\"async\" width=\"1280\" height=\"963\" data-id=\"3201\" src=\"https:\/\/revistagasolineros.com\/wp-content\/uploads\/2025\/09\/WhatsApp-Image-2025-09-10-at-9.34.32-AM-3-1.jpeg\" alt=\"\" class=\"wp-image-3201\" srcset=\"https:\/\/revistagasolineros.com\/wp-content\/uploads\/2025\/09\/WhatsApp-Image-2025-09-10-at-9.34.32-AM-3-1.jpeg 1280w, https:\/\/revistagasolineros.com\/wp-content\/uploads\/2025\/09\/WhatsApp-Image-2025-09-10-at-9.34.32-AM-3-1-300x226.jpeg 300w, https:\/\/revistagasolineros.com\/wp-content\/uploads\/2025\/09\/WhatsApp-Image-2025-09-10-at-9.34.32-AM-3-1-768x578.jpeg 768w\" sizes=\"auto, (max-width: 1280px) 100vw, 1280px\" \/><\/figure>\n\n\n\n<figure class=\"wp-block-image size-large\"><img loading=\"lazy\" decoding=\"async\" width=\"1300\" height=\"600\" data-id=\"3198\" src=\"https:\/\/revistagasolineros.com\/wp-content\/uploads\/2025\/09\/WhatsApp-Image-2025-09-09-at-3.16.58-PM-1300x600.jpeg\" alt=\"\" class=\"wp-image-3198\" srcset=\"https:\/\/revistagasolineros.com\/wp-content\/uploads\/2025\/09\/WhatsApp-Image-2025-09-09-at-3.16.58-PM-1300x600.jpeg 1300w, https:\/\/revistagasolineros.com\/wp-content\/uploads\/2025\/09\/WhatsApp-Image-2025-09-09-at-3.16.58-PM-300x138.jpeg 300w, https:\/\/revistagasolineros.com\/wp-content\/uploads\/2025\/09\/WhatsApp-Image-2025-09-09-at-3.16.58-PM-768x354.jpeg 768w, https:\/\/revistagasolineros.com\/wp-content\/uploads\/2025\/09\/WhatsApp-Image-2025-09-09-at-3.16.58-PM-1536x708.jpeg 1536w, https:\/\/revistagasolineros.com\/wp-content\/uploads\/2025\/09\/WhatsApp-Image-2025-09-09-at-3.16.58-PM.jpeg 1600w\" sizes=\"auto, (max-width: 1300px) 100vw, 1300px\" \/><\/figure>\n\n\n\n<figure class=\"wp-block-image size-large\"><img loading=\"lazy\" decoding=\"async\" width=\"1280\" height=\"591\" data-id=\"3195\" src=\"https:\/\/revistagasolineros.com\/wp-content\/uploads\/2025\/09\/WhatsApp-Image-2025-09-09-at-3.47.57-PM.jpeg\" alt=\"\" class=\"wp-image-3195\" srcset=\"https:\/\/revistagasolineros.com\/wp-content\/uploads\/2025\/09\/WhatsApp-Image-2025-09-09-at-3.47.57-PM.jpeg 1280w, https:\/\/revistagasolineros.com\/wp-content\/uploads\/2025\/09\/WhatsApp-Image-2025-09-09-at-3.47.57-PM-300x139.jpeg 300w, https:\/\/revistagasolineros.com\/wp-content\/uploads\/2025\/09\/WhatsApp-Image-2025-09-09-at-3.47.57-PM-768x355.jpeg 768w\" sizes=\"auto, (max-width: 1280px) 100vw, 1280px\" \/><\/figure>\n\n\n\n<figure class=\"wp-block-image size-large\"><img loading=\"lazy\" decoding=\"async\" width=\"1300\" height=\"600\" data-id=\"3196\" src=\"https:\/\/revistagasolineros.com\/wp-content\/uploads\/2025\/09\/WhatsApp-Image-2025-09-09-at-3.16.59-PM-1300x600.jpeg\" alt=\"\" class=\"wp-image-3196\" srcset=\"https:\/\/revistagasolineros.com\/wp-content\/uploads\/2025\/09\/WhatsApp-Image-2025-09-09-at-3.16.59-PM-1300x600.jpeg 1300w, https:\/\/revistagasolineros.com\/wp-content\/uploads\/2025\/09\/WhatsApp-Image-2025-09-09-at-3.16.59-PM-300x138.jpeg 300w, https:\/\/revistagasolineros.com\/wp-content\/uploads\/2025\/09\/WhatsApp-Image-2025-09-09-at-3.16.59-PM-768x354.jpeg 768w, https:\/\/revistagasolineros.com\/wp-content\/uploads\/2025\/09\/WhatsApp-Image-2025-09-09-at-3.16.59-PM-1536x708.jpeg 1536w, https:\/\/revistagasolineros.com\/wp-content\/uploads\/2025\/09\/WhatsApp-Image-2025-09-09-at-3.16.59-PM.jpeg 1600w\" sizes=\"auto, (max-width: 1300px) 100vw, 1300px\" \/><\/figure>\n\n\n\n<figure class=\"wp-block-image size-large\"><img loading=\"lazy\" decoding=\"async\" width=\"1300\" height=\"975\" data-id=\"3197\" src=\"https:\/\/revistagasolineros.com\/wp-content\/uploads\/2025\/09\/SC-1-1300x975.jpeg\" alt=\"\" class=\"wp-image-3197\" srcset=\"https:\/\/revistagasolineros.com\/wp-content\/uploads\/2025\/09\/SC-1-1300x975.jpeg 1300w, https:\/\/revistagasolineros.com\/wp-content\/uploads\/2025\/09\/SC-1-300x225.jpeg 300w, https:\/\/revistagasolineros.com\/wp-content\/uploads\/2025\/09\/SC-1-768x576.jpeg 768w, https:\/\/revistagasolineros.com\/wp-content\/uploads\/2025\/09\/SC-1-1536x1152.jpeg 1536w, https:\/\/revistagasolineros.com\/wp-content\/uploads\/2025\/09\/SC-1.jpeg 1600w\" sizes=\"auto, (max-width: 1300px) 100vw, 1300px\" \/><\/figure>\n\n\n\n<figure class=\"wp-block-image size-large\"><img loading=\"lazy\" decoding=\"async\" width=\"1300\" height=\"835\" data-id=\"3200\" src=\"https:\/\/revistagasolineros.com\/wp-content\/uploads\/2025\/09\/WhatsApp-Image-2025-09-11-at-3.47.02-PM-1300x835.jpeg\" alt=\"\" class=\"wp-image-3200\" srcset=\"https:\/\/revistagasolineros.com\/wp-content\/uploads\/2025\/09\/WhatsApp-Image-2025-09-11-at-3.47.02-PM-1300x835.jpeg 1300w, https:\/\/revistagasolineros.com\/wp-content\/uploads\/2025\/09\/WhatsApp-Image-2025-09-11-at-3.47.02-PM-300x193.jpeg 300w, https:\/\/revistagasolineros.com\/wp-content\/uploads\/2025\/09\/WhatsApp-Image-2025-09-11-at-3.47.02-PM-768x493.jpeg 768w, https:\/\/revistagasolineros.com\/wp-content\/uploads\/2025\/09\/WhatsApp-Image-2025-09-11-at-3.47.02-PM-1536x987.jpeg 1536w, https:\/\/revistagasolineros.com\/wp-content\/uploads\/2025\/09\/WhatsApp-Image-2025-09-11-at-3.47.02-PM-150x95.jpeg 150w, https:\/\/revistagasolineros.com\/wp-content\/uploads\/2025\/09\/WhatsApp-Image-2025-09-11-at-3.47.02-PM.jpeg 1560w\" sizes=\"auto, (max-width: 1300px) 100vw, 1300px\" \/><\/figure>\n<\/figure>\n","protected":false},"excerpt":{"rendered":"<p>Cada mes de septiembre, Costa Rica se viste de azul, blanco y rojo para celebrar con orgullo su independencia. Es una fecha para recordar nuestra historia, nuestra identidad y tambi\u00e9n para reflexionar sobre lo que nos impulsa hoy como pa\u00eds. En 1821, los costarricenses celebraban la libertad con antorchas encendidas, jinetes a caballo y caravanas [&hellip;]<\/p>\n","protected":false},"author":1,"featured_media":3185,"comment_status":"closed","ping_status":"closed","sticky":false,"template":"","format":"standard","meta":{"_monsterinsights_skip_tracking":false,"_monsterinsights_sitenote_active":false,"_monsterinsights_sitenote_note":"","_monsterinsights_sitenote_category":0,"footnotes":""},"categories":[164,285,344,203],"tags":[345,47,346,122],"class_list":["post-3184","post","type-post","status-publish","format-standard","has-post-thumbnail","hentry","category-actualidad","category-celebracion","category-dia-de-la-independencia","category-estaciones-de-servicio","tag-dia-de-la-independencia","tag-estaciones-de-servicio","tag-fiestas-patrias","tag-revista-gasolineros"],"aioseo_notices":[],"_links":{"self":[{"href":"https:\/\/revistagasolineros.com\/index.php\/wp-json\/wp\/v2\/posts\/3184","targetHints":{"allow":["GET"]}}],"collection":[{"href":"https:\/\/revistagasolineros.com\/index.php\/wp-json\/wp\/v2\/posts"}],"about":[{"href":"https:\/\/revistagasolineros.com\/index.php\/wp-json\/wp\/v2\/types\/post"}],"author":[{"embeddable":true,"href":"https:\/\/revistagasolineros.com\/index.php\/wp-json\/wp\/v2\/users\/1"}],"replies":[{"embeddable":true,"href":"https:\/\/revistagasolineros.com\/index.php\/wp-json\/wp\/v2\/comments?post=3184"}],"version-history":[{"count":4,"href":"https:\/\/revistagasolineros.com\/index.php\/wp-json\/wp\/v2\/posts\/3184\/revisions"}],"predecessor-version":[{"id":3206,"href":"https:\/\/revistagasolineros.com\/index.php\/wp-json\/wp\/v2\/posts\/3184\/revisions\/3206"}],"wp:featuredmedia":[{"embeddable":true,"href":"https:\/\/revistagasolineros.com\/index.php\/wp-json\/wp\/v2\/media\/3185"}],"wp:attachment":[{"href":"https:\/\/revistagasolineros.com\/index.php\/wp-json\/wp\/v2\/media?parent=3184"}],"wp:term":[{"taxonomy":"category","embeddable":true,"href":"https:\/\/revistagasolineros.com\/index.php\/wp-json\/wp\/v2\/categories?post=3184"},{"taxonomy":"post_tag","embeddable":true,"href":"https:\/\/revistagasolineros.com\/index.php\/wp-json\/wp\/v2\/tags?post=3184"}],"curies":[{"name":"wp","href":"https:\/\/api.w.org\/{rel}","templated":true}]}}