{"id":57,"date":"2020-04-24T03:44:35","date_gmt":"2020-04-24T03:44:35","guid":{"rendered":"https:\/\/revistagasolineros.com\/?p=57"},"modified":"2020-05-05T09:51:29","modified_gmt":"2020-05-05T15:51:29","slug":"junta-directiva-de-la-camara-participo-en-arduas-negociaciones-para-aclarar-impacto-del-iva-en-el-transporte","status":"publish","type":"post","link":"https:\/\/revistagasolineros.com\/index.php\/2020\/04\/24\/junta-directiva-de-la-camara-participo-en-arduas-negociaciones-para-aclarar-impacto-del-iva-en-el-transporte\/","title":{"rendered":"Junta Directiva de la C\u00e1mara particip\u00f3 en arduas negociaciones para aclarar impacto del IVA en el Transporte"},"content":{"rendered":"\n<p>La C\u00e1mara de Empresarios del Combustible impuls\u00f3\nla iniciativa del gobierno de la Rep\u00fablica para que la Direcci\u00f3n General de\nTributaci\u00f3n Directa aclare los conceptos en relaci\u00f3n con el Impuesto de Valor\nAgregado (IVA) y la prestaci\u00f3n del servicio p\u00fablico, as\u00ed\u0301 como el impacto para\nel consumidor final.<\/p>\n\n\n\n<p>Esto implica que la entidad deber\u00e1 establecer las\nobligaciones de desempe\u00f1o de cada uno de los actores en la cadena de\ndistribuci\u00f3n (Recope, transportistas y estaciones de servicio).<\/p>\n\n\n\n<p>Esta informaci\u00f3n definir\u00e1 que se mantiene el precio \u00fanico, as\u00ed\u0301 como un rol establecido para cada uno de los actores.<\/p>\n\n\n\n<figure class=\"wp-block-audio\"><audio controls src=\"https:\/\/revistagasolineros.com\/wp-content\/uploads\/2020\/04\/marcelo.mp3\"><\/audio><figcaption>Marcelo Guevara, Manager Deloitte<\/figcaption><\/figure>\n\n\n\n<p>La C\u00e1mara en coordinaci\u00f3n con la\ncartera de Hacienda mantendr\u00e1 un ciclo de reuniones para analizar el impacto\ndel IVA en el transporte y determinar mecanismos correctivos en situaciones que\nno cumplen con el prop\u00f3sito de este impuesto.<\/p>\n\n\n\n<p>Las estaciones de servicio ratifican su misi\u00f3n de\ndistribuir el combustible que vende Recope Y que por el ingreso que recibe no\nrecae el impuesto del valor agregado no as\u00ed el transporte que se grav\u00f3 con\n\u00a21.19 colones por litro.<\/p>\n\n\n\n<p><strong>Datos de inter\u00e9s:<\/strong><strong><\/strong><\/p>\n\n\n\n<p>El monto promedio otorgado por Recope para el transporte\nde combustible es 9,15 colones, al que en este momento se le est\u00e1 aplicando el\nimpuesto de valor agregado que equivale a 1,19 colones. Considerando que la venta\nanual de combustible es 2,300 millones\nde litro al a\u00f1o, la recaudaci\u00f3n\nde este tributo corresponde a 2,737 millones.<\/p>\n\n\n\n<p>Esta carga tributaria debe aclararse,\npuesto que en este momento los distribuidores de combustible no pueden\nincluirla en su facturaci\u00f3n, por lo tanto, los usuarios no podr\u00e1n utilizarla\ncomo gasto en sus reportes contables. Lo que est\u00e1 generando descontento en\ngrandes consumidores como por la C\u00e1mara insiste en que su principal inter\u00e9s es\nque se establezcan controles para que el impuesto del IVA al transporte cumpla\nel prop\u00f3sito y llegue a las arcas del Estado.<\/p>\n\n\n\n<p>En\neste sentido, la forma en que en la que est\u00e1 incluyendo en el sistema, hace que se\nasuma como un ingreso en aquellas estaciones en la que los empresarios son due\u00f1os del transporte y se encuentran en la misma sociedad. Por lo tanto, a\u00fan queda pendiente\nestablecer el mecanismo de liquidaci\u00f3n que deber\u00e1n utilizar los transportistas y distribuidores ante el fisco;\nla C\u00e1mara recomienda liquidar ese impuesto bajo la previsi\u00f3n de autoconsumo en la\ndeclaraci\u00f3n D-104-2.<\/p>\n\n\n\n<p>A la fecha, existe un trabajo operativo pendiente entre\nel Ministerio de Hacienda, la Direcci\u00f3n General de Tributaci\u00f3n y la C\u00e1mara de\nEmpresarios del Combustible para definir aspectos que permitan clarificar al\nconsumidor que no va existir de ninguna manera variaci\u00f3n de precios por la\ninclusi\u00f3n del IVA al transporte.<\/p>\n","protected":false},"excerpt":{"rendered":"<p>La C\u00e1mara de Empresarios del Combustible impuls\u00f3 la iniciativa del gobierno de la Rep\u00fablica para que la Direcci\u00f3n General de Tributaci\u00f3n Directa aclare los conceptos en relaci\u00f3n con el Impuesto de Valor Agregado (IVA) y la prestaci\u00f3n del servicio p\u00fablico, as\u00ed\u0301 como el impacto para el consumidor final. Esto implica que la entidad deber\u00e1 establecer [&hellip;]<\/p>\n","protected":false},"author":1,"featured_media":62,"comment_status":"closed","ping_status":"closed","sticky":false,"template":"","format":"standard","meta":{"_monsterinsights_skip_tracking":false,"_monsterinsights_sitenote_active":false,"_monsterinsights_sitenote_note":"","_monsterinsights_sitenote_category":0,"footnotes":""},"categories":[5],"tags":[39,38,27],"class_list":["post-57","post","type-post","status-publish","format-standard","has-post-thumbnail","hentry","category-desde-la-camara","tag-impuesto","tag-iva","tag-transporte"],"aioseo_notices":[],"_links":{"self":[{"href":"https:\/\/revistagasolineros.com\/index.php\/wp-json\/wp\/v2\/posts\/57","targetHints":{"allow":["GET"]}}],"collection":[{"href":"https:\/\/revistagasolineros.com\/index.php\/wp-json\/wp\/v2\/posts"}],"about":[{"href":"https:\/\/revistagasolineros.com\/index.php\/wp-json\/wp\/v2\/types\/post"}],"author":[{"embeddable":true,"href":"https:\/\/revistagasolineros.com\/index.php\/wp-json\/wp\/v2\/users\/1"}],"replies":[{"embeddable":true,"href":"https:\/\/revistagasolineros.com\/index.php\/wp-json\/wp\/v2\/comments?post=57"}],"version-history":[{"count":2,"href":"https:\/\/revistagasolineros.com\/index.php\/wp-json\/wp\/v2\/posts\/57\/revisions"}],"predecessor-version":[{"id":138,"href":"https:\/\/revistagasolineros.com\/index.php\/wp-json\/wp\/v2\/posts\/57\/revisions\/138"}],"wp:featuredmedia":[{"embeddable":true,"href":"https:\/\/revistagasolineros.com\/index.php\/wp-json\/wp\/v2\/media\/62"}],"wp:attachment":[{"href":"https:\/\/revistagasolineros.com\/index.php\/wp-json\/wp\/v2\/media?parent=57"}],"wp:term":[{"taxonomy":"category","embeddable":true,"href":"https:\/\/revistagasolineros.com\/index.php\/wp-json\/wp\/v2\/categories?post=57"},{"taxonomy":"post_tag","embeddable":true,"href":"https:\/\/revistagasolineros.com\/index.php\/wp-json\/wp\/v2\/tags?post=57"}],"curies":[{"name":"wp","href":"https:\/\/api.w.org\/{rel}","templated":true}]}}