{"id":598,"date":"2020-09-28T13:37:16","date_gmt":"2020-09-28T19:37:16","guid":{"rendered":"https:\/\/revistagasolineros.com\/?p=598"},"modified":"2020-09-28T14:10:56","modified_gmt":"2020-09-28T20:10:56","slug":"segundo-ciclo-de-reuniones-regionales-del-ano-2020","status":"publish","type":"post","link":"https:\/\/revistagasolineros.com\/index.php\/2020\/09\/28\/segundo-ciclo-de-reuniones-regionales-del-ano-2020\/","title":{"rendered":"Segundo Ciclo de Reuniones Regionales del a\u00f1o 2020"},"content":{"rendered":"\n<p>Dando continuidad a las reuniones regionales del a\u00f1o 2020 y en acatamiento a las medidas emanadas por el Ministerio de Salud, la C\u00e1mara de Empresarios del Combustible realiz\u00f3 el segundo ciclo de regionales mediante la plataforma virtual ZOOM.<\/p>\n\n\n\n<p>Del martes 22 al jueves 24 de setiembre, se realizaron las reuniones regionales con asociados de todo el pa\u00eds, abordando tem\u00e1ticas variadas y acordes a la situaci\u00f3n que est\u00e1 experimentando el pa\u00eds.<\/p>\n\n\n\n<p>El primer tema expuesto fue un taller sobre el Riesgo Reputacional que estuvo a cargo de la empresa Imagen y Comunicaci\u00f3n, en este se expuso como la imagen y la reputaci\u00f3n de nuestro negocio puede afectar la percepci\u00f3n del p\u00fablico y con esto afectar nuestros ingresos. Adem\u00e1s, se otorg\u00f3 un protocolo o dec\u00e1logo de acciones a realizar durante un proceso de crisis que debe ser del conocimiento del empresariado para atacar en caso de presentarse una situaci\u00f3n dif\u00edcil.<\/p>\n\n\n\n<p>Luego se expusieron las estad\u00edsticas de las no conformidades que se han presentado desde el a\u00f1o 2014 al a\u00f1o 2019 en los reportes de calidad y cantidad de los combustibles emitidos por la ARESEP, con el fin de analizar la cantidad de asociados que han aparecido en estos reportes durante ese periodo.<\/p>\n\n\n\n<p>El tema tratado sobre el nuevo decreto 42497 sobre autoconsumos estuvo a cargo del ingeniero Pablo Guzm\u00e1n Trejos, este decreto regula la instalaci\u00f3n de nuevos autoconsumos as\u00ed como la operaci\u00f3n de los ya existentes. Por medio de un transitorio los autoconsumos existentes que no cuentan con su respectivo permiso pueden realizar el tr\u00e1mite para regularizar su situaci\u00f3n actual, pero sin flexibilizar los requisitos para su aprobaci\u00f3n, sino al contrario. Es importante mencionar que este decreto otorga la supervisi\u00f3n de los autoconsumos al MINAE, Bomberos de Costa Rica, Ministerio de Salud y profesionales colegiados, y no \u00fanicamente al MINAE como en el pasado.<\/p>\n\n\n\n<p>En el tema de la Ley 9852, ley para sancionar el apoderamiento y la introducci\u00f3n ilegal de los combustibles derivados del petr\u00f3leo, se expuso como esta nueva normativa da herramientas a los cuerpos policiales para el decomiso del combustible que no se logr\u00e9 demostrar su procedencia, as\u00ed como la detenci\u00f3n de veh\u00edculos que transporten combustible en la misma situaci\u00f3n. Recientemente en Zona Sur se detuvo un veh\u00edculo en esta condici\u00f3n.<\/p>\n\n\n\n<p>Respecto a las perspectivas de la solicitud de margen de comercializaci\u00f3n, se enumeraron los elementos que la C\u00e1mara ha tomado en consideraci\u00f3n para presentar un nuevo estudio ante la ARESEP, entre ellos la disminuci\u00f3n del volumen de venta de combustibles, la informaci\u00f3n que ha recopilado el CFIA, as\u00ed como el impacto del cobro de comisiones de tarjetas, impuestos, entre otros. Adem\u00e1s, el se\u00f1or Jos\u00e9 Miguel Masis explic\u00f3 que de ser necesario se solicitar\u00e1 informaci\u00f3n certificada a nuestros asociados, ya que este aspecto dar\u00e1 fortaleza a la solicitud y permitir\u00e1 solicitar un margen mayor. El presidente de la organizaci\u00f3n, el se\u00f1or Alberto Mes\u00e9n, recalco que para que la solicitud tenga \u00e9xito se necesita el apoyo de todos nuestros asociados.<\/p>\n\n\n\n<p>La empresa RECOPE S.A fue patrocinadora de este segundo ciclo de regionales, la C\u00e1mara de empresarios del Combustible agradece su apoyo y colaboraci\u00f3n.<\/p>\n","protected":false},"excerpt":{"rendered":"<p>Dando continuidad a las reuniones regionales del a\u00f1o 2020 y en acatamiento a las medidas emanadas por el Ministerio de Salud, la C\u00e1mara de Empresarios del Combustible realiz\u00f3 el segundo ciclo de regionales mediante la plataforma virtual ZOOM. Del martes 22 al jueves 24 de setiembre, se realizaron las reuniones regionales con asociados de todo [&hellip;]<\/p>\n","protected":false},"author":1,"featured_media":601,"comment_status":"closed","ping_status":"closed","sticky":false,"template":"","format":"standard","meta":{"_monsterinsights_skip_tracking":false,"_monsterinsights_sitenote_active":false,"_monsterinsights_sitenote_note":"","_monsterinsights_sitenote_category":0,"footnotes":""},"categories":[9],"tags":[63],"class_list":["post-598","post","type-post","status-publish","format-standard","has-post-thumbnail","hentry","category-regionales","tag-reuniones-regionales"],"aioseo_notices":[],"_links":{"self":[{"href":"https:\/\/revistagasolineros.com\/index.php\/wp-json\/wp\/v2\/posts\/598","targetHints":{"allow":["GET"]}}],"collection":[{"href":"https:\/\/revistagasolineros.com\/index.php\/wp-json\/wp\/v2\/posts"}],"about":[{"href":"https:\/\/revistagasolineros.com\/index.php\/wp-json\/wp\/v2\/types\/post"}],"author":[{"embeddable":true,"href":"https:\/\/revistagasolineros.com\/index.php\/wp-json\/wp\/v2\/users\/1"}],"replies":[{"embeddable":true,"href":"https:\/\/revistagasolineros.com\/index.php\/wp-json\/wp\/v2\/comments?post=598"}],"version-history":[{"count":2,"href":"https:\/\/revistagasolineros.com\/index.php\/wp-json\/wp\/v2\/posts\/598\/revisions"}],"predecessor-version":[{"id":602,"href":"https:\/\/revistagasolineros.com\/index.php\/wp-json\/wp\/v2\/posts\/598\/revisions\/602"}],"wp:featuredmedia":[{"embeddable":true,"href":"https:\/\/revistagasolineros.com\/index.php\/wp-json\/wp\/v2\/media\/601"}],"wp:attachment":[{"href":"https:\/\/revistagasolineros.com\/index.php\/wp-json\/wp\/v2\/media?parent=598"}],"wp:term":[{"taxonomy":"category","embeddable":true,"href":"https:\/\/revistagasolineros.com\/index.php\/wp-json\/wp\/v2\/categories?post=598"},{"taxonomy":"post_tag","embeddable":true,"href":"https:\/\/revistagasolineros.com\/index.php\/wp-json\/wp\/v2\/tags?post=598"}],"curies":[{"name":"wp","href":"https:\/\/api.w.org\/{rel}","templated":true}]}}