{"id":663,"date":"2021-01-21T13:38:57","date_gmt":"2021-01-21T19:38:57","guid":{"rendered":"https:\/\/revistagasolineros.com\/?p=663"},"modified":"2021-01-21T13:39:54","modified_gmt":"2021-01-21T19:39:54","slug":"precio-del-petroleo-aumentara-paulatinamente","status":"publish","type":"post","link":"https:\/\/revistagasolineros.com\/index.php\/2021\/01\/21\/precio-del-petroleo-aumentara-paulatinamente\/","title":{"rendered":"Precio del petr\u00f3leo aumentar\u00e1 paulatinamente"},"content":{"rendered":"\n<ul class=\"wp-block-list\"><li>Proceso gradual de estabilizaci\u00f3n econ\u00f3mica, favorece incremento de la demanda.<br><\/li><\/ul>\n\n\n\n<p><\/p>\n\n\n\n<p>El presidente electo de los Estados Unidos Joe Biden, la aplicaci\u00f3n masiva de la vacuna contra el Covid-19, as\u00ed como las medidas que impulsa la organizaci\u00f3n de pa\u00edses productores de petr\u00f3leo, son factores claves que determinan el desenvolvimiento del precio internacional del crudo; que seg\u00fan expertos locales mantendr\u00e1 una disminuci\u00f3n sostenida en el consumo con una tendencia al alza de los precios en Costa Rica.<\/p>\n\n\n\n<p>En primera instancia, en todos los pa\u00edses se respira un ambiente de mayor tranquilidad ante la aplicaci\u00f3n de la vacuna, lo que podr\u00eda incidir en el corto plazo en una mayor flexibilidad en las medidas de restricci\u00f3n en la movilidad vehicular.<\/p>\n\n\n\n<p><strong>\u201c<\/strong><strong>Este factor, lograr\u00e1 mayor reapertura y sostenibilidad en la econom\u00eda, una vez se consolide la vacunaci\u00f3n masiva; lo que se espera genere un mayor consumo.\u201d, indic\u00f3<\/strong><strong> Vidal Villalobos, economista y asesor externo de la C\u00e1mara de Empresarios del Combustible.<\/strong><\/p>\n\n\n\n<p>Ante este panorama, se pronostica que el pa\u00eds se recupere del descenso de casi un 25% del consumo en los combustibles durante el 2020, puesto que la apertura de vuelos internacionales incidir\u00e1 en el ingreso de una mayor cantidad de turistas.<\/p>\n\n\n\n<p>Se ha visto una recuperaci\u00f3n sostenida de la actividad econ\u00f3mica en Costa Rica desde el mes de junio, eso viene corroborado por varios indicadores en particular el \u00cdndice Mensual de Actividad Econ\u00f3mica ( IMAE), que toc\u00f3 fondo en mayo y que a partir de junio empieza a recuperarse; pero hay otros indicadores que muestran una tendencia similar, seg\u00fan cifras del Banco Central de Costa Rica.<\/p>\n\n\n\n<p>Por ejemplo, los que tienen que ver con consumo de combustibles, ocupaci\u00f3n hotelera, los precios de los alquileres en zonas residenciales, que muestran que la capacidad de consumo de los costarricenses est\u00e1 en proceso de recuperaci\u00f3n. Es un proceso gradual, desde la ca\u00edda en la actividad econ\u00f3mica que sufre el pa\u00eds y la econom\u00eda mundial a partir de la propagaci\u00f3n del virus.<\/p>\n\n\n\n<p>Entre marzo y mayo del 2020 la econom\u00eda costarricense, como la mayor\u00eda de las econom\u00edas del mundo, sufrieron una fuerte ca\u00edda, pero se est\u00e1 en una fase de recuperaci\u00f3n sostenida desde junio y que tom\u00f3 particular fuerza en el diciembre anterior.<\/p>\n\n\n\n<p><strong>\u201c<\/strong><strong>Es claro que, durante el 2020, el sector turismo fue el m\u00e1s afectado y en ese sentido, las estaciones de servicio que operan en las zonas costeras perdieron hasta un 75 por ciento de su volumen de ventas, lo que signific\u00f3 una prueba de fuego para los empresarios, quienes a duras penas pudieron sacar su negocio adelante en tiempos de pandemia\u201d, manifest\u00f3 Jos\u00e9 Miguel Masis, director ejecutivo de la C\u00e1mara de Empresarios del Combustible.<\/strong><\/p>\n\n\n\n<p><strong>Panorama Internacional<\/strong><\/p>\n\n\n\n<p>Otro aspecto que influye en la fijaci\u00f3n de precios internacionales son los acuerdos tomados por la Organizaci\u00f3n de Pa\u00edses Exportadores y Productores de Petr\u00f3leo, (OPEP).<\/p>\n\n\n\n<p>Frente a un 2020 que fue dif\u00edcil para&nbsp;la cotizaci\u00f3n del petr\u00f3leo por cuenta de la pandemia y la menor demanda a causa de los confinamientos, el 2021 inicia con pron\u00f3sticos de un incremento paulatino para el precio del crudo, al menos en el corto plazo. Esto, a causa de las medidas que tomaron a inicios de este a\u00f1o los pa\u00edses de la OPEP, decisiones que generaron un importante repunte en la cotizaci\u00f3n del petr\u00f3leo:<\/p>\n\n\n\n<ul class=\"wp-block-list\"><li>Arabia Saud\u00ed anunci\u00f3 que reducir\u00e1 su producci\u00f3n de crudo en febrero y marzo 2021 hasta los 8,25 millones de barriles diarios (mbd), lo que supone un descenso frente a los casi 9 mbd del final del 2020, y respecto a los m\u00e1s de 10 mbd de capacidad que tiene el pa\u00eds.<\/li><\/ul>\n\n\n\n<ul class=\"wp-block-list\"><li>Se dio luz verde a Rusia y Kazajist\u00e1n para que incrementen la producci\u00f3n de forma gradual, con un aumento total de 75.000 barriles diarios.&nbsp;As\u00ed, el bombeo retirado pasar\u00e1 de 7,2 mbd en enero a los 7,05 mbd en marzo del presente a\u00f1o.<\/li><\/ul>\n\n\n\n<ul class=\"wp-block-list\"><li>El grupo de pa\u00edses productores manifest\u00f3 una oposici\u00f3n para incrementar la producci\u00f3n en febrero, con el objetivo de mantener las restricciones a la oferta, ante una demanda fr\u00e1gil.<\/li><\/ul>\n\n\n\n<p>Tras las decisiones de la OPEP, el precio del barril de Brent, de referencia para Costa Rica, repunt\u00f3 4,91%, hasta un nivel de US$53,6 por cada unidad. Y lo mismo ocurri\u00f3 con el WTI de Estados Unidos, que present\u00f3 un incremento en su cotizaci\u00f3n tambi\u00e9n de 4,9% a US$49,93, e incluso lleg\u00f3 a superar los US$50. A finales de enero el precio se encuentra a 52,89 d\u00f3lares el barril.<\/p>\n\n\n\n<p>El tercer elemento en este escenario es el papel que desempe\u00f1ar\u00e1 el nuevo presidente de los Estados Unidos Joe Biden, quien manifest\u00f3 su deseo de incorporar nuevamente a los norteamericanos en el pacto clim\u00e1tico de Par\u00eds y as\u00ed lo ratific\u00f3 en sus primera acciones como gobernante, lo que pone en perspectiva el futuro del mercado petrolero. Tomemos en cuenta que el reto de administraci\u00f3n Biden, es resolver cuatro prioridades seg\u00fan su programa.&nbsp; La crisis sanitaria ante el Covid 19, la crisis econ\u00f3mica, la crisis ambiental y la crisis migratoria. El enfoque sanitario lo llevar\u00e1 a un manejo eficiente de la vacunaci\u00f3n nacional; el tema ambiental lo orientar\u00e1 a promover pr\u00e1cticas ambientalmente sostenibles y veremos impulsos mayores hacia mayor eficiencia en el consumo de recursos, incluyendo los hidrocarburos; el tema migratorio buscar\u00e1 crear espacios dentro y fuera de los Estados Unidos para frenar las migraciones desde diferentes partes del mundo, sobre todo Centroam\u00e9rica, ya se habla de fortalecer las econom\u00edas de los pa\u00edses foco de la migraci\u00f3n.&nbsp; El gran reto y no solo por la pandemia, sino por la consolidaci\u00f3n de econom\u00edas como la china, es precisamente resolver el desempleo y reducir el s\u00faper d\u00e9ficit fiscal y para esto todo debe ser considerado; ah\u00ed el tema de la producci\u00f3n petrolera, la industria vehicular y la de producci\u00f3n de lubricantes, accesorios, mantenimientos y otras econom\u00edas ligadas a esta actividad, lejos de destruirlas se deber\u00e1 fortalecer.&nbsp;&nbsp;<\/p>\n\n\n\n<p>Lo indicado, ser\u00e1 el gran dilema econ\u00f3mico y social de la primera econom\u00eda mundial para los pr\u00f3ximos a\u00f1os, que llevar\u00e1 a procesos paulatinos y acomodos programados en el tiempo que incrementen la estabilidad en todos los niveles, es ah\u00ed donde uno de los principales actores \u201cel petr\u00f3leo\u201d seguir\u00e1 siendo de manejo estrat\u00e9gico interna y externamente.&nbsp;<\/p>\n","protected":false},"excerpt":{"rendered":"<p>Proceso gradual de estabilizaci\u00f3n econ\u00f3mica, favorece incremento de la demanda. El presidente electo de los Estados Unidos Joe Biden, la aplicaci\u00f3n masiva de la vacuna contra el Covid-19, as\u00ed como las medidas que impulsa la organizaci\u00f3n de pa\u00edses productores de petr\u00f3leo, son factores claves que determinan el desenvolvimiento del precio internacional del crudo; que seg\u00fan [&hellip;]<\/p>\n","protected":false},"author":1,"featured_media":664,"comment_status":"closed","ping_status":"closed","sticky":false,"template":"","format":"standard","meta":{"_monsterinsights_skip_tracking":false,"_monsterinsights_sitenote_active":false,"_monsterinsights_sitenote_note":"","_monsterinsights_sitenote_category":0,"footnotes":""},"categories":[12],"tags":[53],"class_list":["post-663","post","type-post","status-publish","format-standard","has-post-thumbnail","hentry","category-mercado-internacional","tag-precio-del-petroleo"],"aioseo_notices":[],"_links":{"self":[{"href":"https:\/\/revistagasolineros.com\/index.php\/wp-json\/wp\/v2\/posts\/663","targetHints":{"allow":["GET"]}}],"collection":[{"href":"https:\/\/revistagasolineros.com\/index.php\/wp-json\/wp\/v2\/posts"}],"about":[{"href":"https:\/\/revistagasolineros.com\/index.php\/wp-json\/wp\/v2\/types\/post"}],"author":[{"embeddable":true,"href":"https:\/\/revistagasolineros.com\/index.php\/wp-json\/wp\/v2\/users\/1"}],"replies":[{"embeddable":true,"href":"https:\/\/revistagasolineros.com\/index.php\/wp-json\/wp\/v2\/comments?post=663"}],"version-history":[{"count":3,"href":"https:\/\/revistagasolineros.com\/index.php\/wp-json\/wp\/v2\/posts\/663\/revisions"}],"predecessor-version":[{"id":667,"href":"https:\/\/revistagasolineros.com\/index.php\/wp-json\/wp\/v2\/posts\/663\/revisions\/667"}],"wp:featuredmedia":[{"embeddable":true,"href":"https:\/\/revistagasolineros.com\/index.php\/wp-json\/wp\/v2\/media\/664"}],"wp:attachment":[{"href":"https:\/\/revistagasolineros.com\/index.php\/wp-json\/wp\/v2\/media?parent=663"}],"wp:term":[{"taxonomy":"category","embeddable":true,"href":"https:\/\/revistagasolineros.com\/index.php\/wp-json\/wp\/v2\/categories?post=663"},{"taxonomy":"post_tag","embeddable":true,"href":"https:\/\/revistagasolineros.com\/index.php\/wp-json\/wp\/v2\/tags?post=663"}],"curies":[{"name":"wp","href":"https:\/\/api.w.org\/{rel}","templated":true}]}}