{"id":701,"date":"2021-03-16T13:40:57","date_gmt":"2021-03-16T19:40:57","guid":{"rendered":"https:\/\/revistagasolineros.com\/?p=701"},"modified":"2021-03-16T13:50:11","modified_gmt":"2021-03-16T19:50:11","slug":"asamblea-de-asociados-reelige-a-integrantes-de-junta-directiva-de-la-camara-de-empresarios-del-combustible","status":"publish","type":"post","link":"https:\/\/revistagasolineros.com\/index.php\/2021\/03\/16\/asamblea-de-asociados-reelige-a-integrantes-de-junta-directiva-de-la-camara-de-empresarios-del-combustible\/","title":{"rendered":"Asamblea de asociados reelige a integrantes de Junta Directiva de la C\u00e1mara de Empresarios del Combustible"},"content":{"rendered":"\n<p><\/p>\n\n\n\n<p>El jueves 11 de marzo se llev\u00f3 a cabo la Asamblea General de Asociados de la C\u00e1mara de Empresarios del Combustible, de forma presencial en el Hotel Radisson, comenz\u00f3 en segunda convocatoria al ser las 2:00 p.m., siguiendo todos los protocolos establecidos por el Ministerio de Salud.<\/p>\n\n\n\n<p>Al evento asistieron 60 personas, en representaci\u00f3n de 70 estaciones de servicio. Comprendiendo la limitante de muchos asociados que por causa de la pandemia decidieron no asistir al evento.<\/p>\n\n\n\n<p>Como es usual, previo a la elecci\u00f3n de los integrantes de la Junta Directiva, el presidente, tesorero y fiscal de la organizaci\u00f3n rindieron su informe de labores, correspondiente al per\u00edodo 2019-2020, en el encuentro tambi\u00e9n se expusieron los informes del \u00e1rea administrativa: ingenier\u00eda, comunicaci\u00f3n y regionales.<\/p>\n\n\n\n<p>El se\u00f1or Alberto Mes\u00e9n Madrigal, en su informe destac\u00f3 las iniciativas que impuls\u00f3 la organizaci\u00f3n y que incidieron positivamente en el pa\u00eds, tal es el caso del Protocolo para Operaci\u00f3n de Empresas Gasolineras para enfrentar las restricciones impuestas por la crisis sanitaria que se vivi\u00f3 a ra\u00edz de la Covid-19. El mismo se desarroll\u00f3 en conjunto con el Ministerio de Ambiente y Energ\u00eda (Minae), con el que se logr\u00f3 la continuidad y seguridad del servicio para diversos sectores productivos habilitados dentro de la econom\u00eda del pa\u00eds.<\/p>\n\n\n\n<p>El se\u00f1or Eladio Madriz, tesorero de la organizaci\u00f3n, se\u00f1al\u00f3 la estabilidad econ\u00f3mica y transparencia en el manejo de los recursos arrojada por la auditor\u00eda externa. Estas aseveraciones se complementan con el informe de la se\u00f1ora Giselle Hidalgo, fiscal, en cuya exposici\u00f3n dio a conocer indicadores de cumplimiento en lo que se refiere a rendimiento de cuentas, cumplimiento de objetivos y estabilidad de la organizaci\u00f3n.&nbsp;<\/p>\n\n\n\n<p>El plenario aprob\u00f3 por unanimidad y aclamaci\u00f3n reelegir a los integrantes de la Junta Directiva, presidente, tesorero y Vocal II, adem\u00e1s se ratific\u00f3 el nombramiento de la secretaria de la organizaci\u00f3n.<\/p>\n\n\n\n<figure class=\"wp-block-image size-large\"><img loading=\"lazy\" decoding=\"async\" width=\"1300\" height=\"731\" src=\"https:\/\/revistagasolineros.com\/wp-content\/uploads\/2021\/03\/AsambleaPortada-1-1300x731.png\" alt=\"\" class=\"wp-image-708\" srcset=\"https:\/\/revistagasolineros.com\/wp-content\/uploads\/2021\/03\/AsambleaPortada-1-1300x731.png 1300w, https:\/\/revistagasolineros.com\/wp-content\/uploads\/2021\/03\/AsambleaPortada-1-300x169.png 300w, https:\/\/revistagasolineros.com\/wp-content\/uploads\/2021\/03\/AsambleaPortada-1-768x432.png 768w, https:\/\/revistagasolineros.com\/wp-content\/uploads\/2021\/03\/AsambleaPortada-1-1536x864.png 1536w, https:\/\/revistagasolineros.com\/wp-content\/uploads\/2021\/03\/AsambleaPortada-1.png 1920w\" sizes=\"auto, (max-width: 1300px) 100vw, 1300px\" \/><\/figure>\n\n\n\n<p>El \u00fanico nombramiento que se realiz\u00f3 fue el puesto de Vocal 1, la elegida fue la se\u00f1ora Kathia Mora Corrales de la estaci\u00f3n de Servicio Molina y Robles de Oreamuno de Cartago, en sustituci\u00f3n del se\u00f1or Jaime P\u00e9rez.<\/p>\n\n\n\n<p>Este cuerpo directivo qued\u00f3 integrado de la siguiente manera:<\/p>\n\n\n\n<ul class=\"wp-block-list\"><li>Alberto Mes\u00e9n Madrigal, Presidente<\/li><li>Carlos Villalobos Arias, Vicepresidente<\/li><li>Gisella Aguilar Zamora, Secretaria<\/li><li>Eladio Madriz Garc\u00eda, Tesorero<\/li><li>Kattia Mora Corrales, Vocal 1<\/li><li>Jorge Z\u00fa\u00f1iga Ceciliano, Vocal 2<\/li><li>V\u00edctor Guerra Araya, Vocal 3<\/li><li>Giselle Hidalgo, Fiscal<\/li><\/ul>\n\n\n\n<p><\/p>\n\n\n\n<p>Para esta nueva etapa (2021), Mes\u00e9n junto con los integrantes de la Junta Directiva y el equipo administrativo de la organizaci\u00f3n, velar\u00e1n por continuar siendo una C\u00e1mara proactiva que represente en su conjunto las necesidades del sector ante los entes reguladores, Poder Ejecutivo y Legislativo para defender proyectos espec\u00edficos, relativos a la fijaci\u00f3n del margen, as\u00ed como procurar mejores condiciones financieras y de operaci\u00f3n de todos los agremiados.<\/p>\n\n\n\n<p>&nbsp;\u201cLas estaciones de servicio de la C\u00e1mara nos debemos a nuestros clientes. La concesi\u00f3n de un servicio p\u00fablico requiere del compromiso y esfuerzo permanente de los operadores\u201d, indic\u00f3 la nueva integrante del cuerpo directivo. Ella tambi\u00e9n destac\u00f3 que agradece la confianza depositada por cada uno de los asamble\u00edstas al designarla en esta posici\u00f3n.<\/p>\n\n\n\n<p><\/p>\n\n\n\n<iframe loading=\"lazy\" width=\"560\" height=\"315\" src=\"https:\/\/www.youtube.com\/embed\/1Taq-23VbCg\" frameborder=\"0\" allow=\"accelerometer; autoplay; clipboard-write; encrypted-media; gyroscope; picture-in-picture\" allowfullscreen=\"\"><\/iframe>\n","protected":false},"excerpt":{"rendered":"<p>El jueves 11 de marzo se llev\u00f3 a cabo la Asamblea General de Asociados de la C\u00e1mara de Empresarios del Combustible, de forma presencial en el Hotel Radisson, comenz\u00f3 en segunda convocatoria al ser las 2:00 p.m., siguiendo todos los protocolos establecidos por el Ministerio de Salud. Al evento asistieron 60 personas, en representaci\u00f3n de [&hellip;]<\/p>\n","protected":false},"author":1,"featured_media":702,"comment_status":"closed","ping_status":"closed","sticky":false,"template":"","format":"standard","meta":{"_monsterinsights_skip_tracking":false,"_monsterinsights_sitenote_active":false,"_monsterinsights_sitenote_note":"","_monsterinsights_sitenote_category":0,"footnotes":""},"categories":[5],"tags":[90],"class_list":["post-701","post","type-post","status-publish","format-standard","has-post-thumbnail","hentry","category-desde-la-camara","tag-asamblea-general"],"aioseo_notices":[],"_links":{"self":[{"href":"https:\/\/revistagasolineros.com\/index.php\/wp-json\/wp\/v2\/posts\/701","targetHints":{"allow":["GET"]}}],"collection":[{"href":"https:\/\/revistagasolineros.com\/index.php\/wp-json\/wp\/v2\/posts"}],"about":[{"href":"https:\/\/revistagasolineros.com\/index.php\/wp-json\/wp\/v2\/types\/post"}],"author":[{"embeddable":true,"href":"https:\/\/revistagasolineros.com\/index.php\/wp-json\/wp\/v2\/users\/1"}],"replies":[{"embeddable":true,"href":"https:\/\/revistagasolineros.com\/index.php\/wp-json\/wp\/v2\/comments?post=701"}],"version-history":[{"count":5,"href":"https:\/\/revistagasolineros.com\/index.php\/wp-json\/wp\/v2\/posts\/701\/revisions"}],"predecessor-version":[{"id":709,"href":"https:\/\/revistagasolineros.com\/index.php\/wp-json\/wp\/v2\/posts\/701\/revisions\/709"}],"wp:featuredmedia":[{"embeddable":true,"href":"https:\/\/revistagasolineros.com\/index.php\/wp-json\/wp\/v2\/media\/702"}],"wp:attachment":[{"href":"https:\/\/revistagasolineros.com\/index.php\/wp-json\/wp\/v2\/media?parent=701"}],"wp:term":[{"taxonomy":"category","embeddable":true,"href":"https:\/\/revistagasolineros.com\/index.php\/wp-json\/wp\/v2\/categories?post=701"},{"taxonomy":"post_tag","embeddable":true,"href":"https:\/\/revistagasolineros.com\/index.php\/wp-json\/wp\/v2\/tags?post=701"}],"curies":[{"name":"wp","href":"https:\/\/api.w.org\/{rel}","templated":true}]}}