{"id":757,"date":"2021-08-06T09:28:26","date_gmt":"2021-08-06T15:28:26","guid":{"rendered":"https:\/\/revistagasolineros.com\/?p=757"},"modified":"2021-08-06T09:28:59","modified_gmt":"2021-08-06T15:28:59","slug":"candidatos-a-la-presidencia-difieren-sobre-el-tema-de-explotacion-petrolera-en-el-pais","status":"publish","type":"post","link":"https:\/\/revistagasolineros.com\/index.php\/2021\/08\/06\/candidatos-a-la-presidencia-difieren-sobre-el-tema-de-explotacion-petrolera-en-el-pais\/","title":{"rendered":"Candidatos a la Presidencia difieren sobre el tema de explotaci\u00f3n petrolera en el pa\u00eds"},"content":{"rendered":"\n<ul class=\"wp-block-list\"><li><strong><em>Jos\u00e9 Mar\u00eda Figueres est\u00e1 en contra, mientras Fabricio Alvarado y Rolando Araya consideran que es viable siempre y cuando se controlen los aspectos ambientales.<\/em><\/strong><\/li><li><strong><em>Los tres pol\u00edticos se oponen a la participaci\u00f3n de Recope dentro del proyecto de ley impulsado por el Poder Ejecutivo.<\/em><\/strong><\/li><\/ul>\n\n\n\n<p><\/p>\n\n\n\n<p>Mientras el gobierno de la Rep\u00fablica y el candidato del Partido Liberaci\u00f3n Nacional, Jos\u00e9 Mar\u00eda Figueres, apoyan la prohibici\u00f3n de la explotaci\u00f3n petrolera en Costa Rica, el aspirante del Partido Nueva Rep\u00fablica, Fabricio Alvarado, as\u00ed como Rolando Araya, del Partido Costa Rica Justa, consideran que el proyecto es viable siempre y cuando se controlen los aspectos ambientales.<\/p>\n\n\n\n<p>Se intent\u00f3 conocer el criterio de la candidata por el Partido Unidad Social Cristiana (PUSC), Lineth Sabor\u00edo, pero a pesar de varios intentos a trav\u00e9s de sus encargados de prensa, as\u00ed como del jefe de campa\u00f1a, Miguel Carabagu\u00edaz, no hubo respuesta a las consultas enviadas sobre el tema.<\/p>\n\n\n\n<p>Recientemente, el presidente de la Rep\u00fablica, Carlos Alvarado, solicit\u00f3 a los diputados aprobar el proyecto de ley para prohibir la exploraci\u00f3n y explotaci\u00f3n petrolera en nuestro pa\u00eds.<\/p>\n\n\n\n<p>De acuerdo con el mandatario, una de las prioridades de su gobierno es prohibir la explotaci\u00f3n de hidrocarburos f\u00f3siles en el territorio nacional.<\/p>\n\n\n\n<p>\u201cNuestra prioridad es la prohibici\u00f3n de la explotaci\u00f3n petrolera. Costa Rica puede mandar ese mensaje al mundo. Costa Rica debe mandar un mensaje contundente\u201d, expres\u00f3 Alvarado.<\/p>\n\n\n\n<p>El&nbsp;proyecto llamado <em>\u201cLey para avanzar en la&nbsp;<strong>Eliminaci\u00f3n del Uso de Combustibles F\u00f3siles<\/strong>&nbsp;en Costa Rica y Declarar el Territorio Nacional Libre de Exploraci\u00f3n y Explotaci\u00f3n de Petr\u00f3leo y Gas\u201d<\/em> permitir\u00e1 \u201ccontinuar ejerciendo el liderazgo mundial en el tema ambiental y coloc\u00e1ndonos en la vanguardia de las pol\u00edticas ambientales\u201d, afirm\u00f3 el Gobierno en un comunicado.<\/p>\n\n\n\n<p>\u201cLa aprobaci\u00f3n de esta iniciativa expresar\u00e1 nuestra voluntad de pa\u00eds de continuar por la ruta de contribuir con las metas globales para combatir el cambio clim\u00e1tico y progresar hacia la promoci\u00f3n y uso de energ\u00edas sustentables\u201d, agreg\u00f3 el Gobierno.<\/p>\n\n\n\n<p>Similar criterio emiti\u00f3 el candidato liberacionista, Jos\u00e9 Mar\u00eda Figueres, quien no solo apoya la prohibici\u00f3n, sino que asegura que trabaja junto con la fracci\u00f3n verdiblanca en la Asamblea Legislativa para fortalecer la iniciativa presentada por el Ejecutivo.<\/p>\n\n\n\n<p>\u201cEstamos de acuerdo de que, as\u00ed como la abolici\u00f3n del ej\u00e9rcito fue el acto m\u00e1s importante en nuestras vidas en el siglo pasado, la abolici\u00f3n de los hidrocarburos y combustibles f\u00f3siles y la independencia energ\u00e9tica ser\u00e1 el acto m\u00e1s importante de este siglo\u201d, manifest\u00f3 Figueres en un video publicado en su red social Facebook.<\/p>\n\n\n\n<p>Agreg\u00f3 que el proyecto de ley N.\u00ba 20.641, impulsado por el Gobierno, viene a consolidar lo que la expresidenta Laura Chinchilla hab\u00eda decretado hace una d\u00e9cada, con respecto a la no exploraci\u00f3n y explotaci\u00f3n de f\u00f3siles en el pa\u00eds.<\/p>\n\n\n\n<p>\u201cQueremos mejorarlo (el proyecto) y llevarlo mucho m\u00e1s all\u00e1, porque la tecnolog\u00eda y el mundo han avanzado. Vamos por la producci\u00f3n de hidr\u00f3geno verde, vamos por la producci\u00f3n de biocombustibles para ayudarle al sector agropecuario sin aumentar el precio de los combustibles\u201d, explic\u00f3 el verdiblanco.<\/p>\n\n\n\n<p>De igual forma, la ministra de Ambiente y Energ\u00eda, Andrea Meza Murillo, manifest\u00f3 que el pa\u00eds debe dar pasos firmes hacia la eliminaci\u00f3n de los combustibles f\u00f3siles y declarar a Costa Rica libre de exploraci\u00f3n y explotaci\u00f3n de petr\u00f3leo y gas.<\/p>\n\n\n\n<p>\u201c\u201cEs avanzar hacia esa econom\u00eda del futuro que se basa en energ\u00edas renovables, en el hidr\u00f3geno, en estas nuevas fuentes sostenibles. Es dar se\u00f1ales claras a los mercados y a la atracci\u00f3n de inversiones. La econom\u00eda global dio un giro y avanza en esa l\u00ednea, y es importante que Costa Rica siga consolidando la implementaci\u00f3n de su ruta de descarbonizaci\u00f3n\u2026\u201d, acot\u00f3 la titular del Minae.<\/p>\n\n\n\n<p><strong>Distinto criterio<\/strong><\/p>\n\n\n\n<p>Sin embargo, el hoy candidato por el Partido Costa Rica Justa, y el ex precandidato por Liberaci\u00f3n Nacional, Rolando Araya, sostiene que los informes que posee revelan que en nuestro pa\u00eds existe una enorme cantidad de gas natural, lo cual podr\u00eda traer grandes beneficios para el pa\u00eds.<\/p>\n\n\n\n<p>\u201cEsto podr\u00eda ser de un gran beneficio para el pa\u00eds a\u00fan sin explotarlo, porque podr\u00eda ponerse como garant\u00eda para cambiar la deuda p\u00fablica del pa\u00eds y bajar las tasas de inter\u00e9s\u201d, expres\u00f3 el ingeniero qu\u00edmico.<\/p>\n\n\n\n<p>Agreg\u00f3 que cualquier prohibici\u00f3n debe ser el pueblo el que decida el futuro a seguir.<\/p>\n\n\n\n<p>\u201cEsta es una decisi\u00f3n que debe tomar el pueblo de Costa Rica y no los pol\u00edticos. Me parece que bien manejado, como lo han hecho los noruegos se puede conseguir una gran cantidad de recursos para acabar con la pobreza, la desigualdad y muchos males que tenemos\u201d, acot\u00f3 Araya.<\/p>\n\n\n\n<p>Tambi\u00e9n asegur\u00f3 que prohibir la exploraci\u00f3n y explotaci\u00f3n petrolera no ayuda para nada en la lucha contra el cambio clim\u00e1tico.<\/p>\n\n\n\n<p>\u201cReducir la producci\u00f3n de hidrocarburos lo \u00fanico que logra es subir los precios de los derivados, no a bajar las emisiones. Es un autoenga\u00f1o. Costa Rica no puede sacrificarse sin ir a pedirle a Estados Unidos, a China y a Europa que bajen ellos la producci\u00f3n; por qu\u00e9 tiene que ser un pa\u00eds pobre como el nuestro el que se sacrifique y si hay que tomar la decisi\u00f3n que la tome el pueblo en un referendo\u201d, subray\u00f3 el pol\u00edtico.<\/p>\n\n\n\n<p><strong>Viable<\/strong><\/p>\n\n\n\n<p>Por su lado, el candidato del Partido Nueva Rep\u00fablica, Fabricio Alvarado, opina que la explotaci\u00f3n de los recursos naturales de cualquier pa\u00eds, incluyendo Costa Rica, debe verse desde dos \u00e1ngulos, el&nbsp;ambiental y el&nbsp;de la sostenibilidad macroecon\u00f3mica.&nbsp;<\/p>\n\n\n\n<p>Alvarado afirma que en un eventual gobierno suyo propondr\u00e1 la explotaci\u00f3n de estos recursos siempre y cuando se controlen los aspectos ambientales, para lo cual el Ministerio de Ambiente y Energ\u00eda (Minae) ser\u00e1 el responsable de realizar una supervisi\u00f3n adecuada.&nbsp;<\/p>\n\n\n\n<p>A\u00f1adi\u00f3 que esta actividad deber\u00e1 permitirle al pa\u00eds invertir en su desarrollo socioecon\u00f3mico, en educaci\u00f3n, seguridad y sobre todo en la creaci\u00f3n de empleos.<\/p>\n\n\n\n<p>\u201cMuchos pa\u00edses han desarrollado su sociedad basados en la exploraci\u00f3n y explotaci\u00f3n de sus recursos naturales, parques, gas, acu\u00edferos, minas de sal, energ\u00eda geot\u00e9rmica, petr\u00f3leo, etc., y han sabido mantener el equilibrio con el medio ambiente.<\/p>\n\n\n\n<p>\u201cEsa ser\u00e1 nuestra tarea, ser vigilantes de ese equilibrio, no podemos permitir el abuso, pero tampoco podemos permitir que, por una ideolog\u00eda mal expresada, nuestro pueblo pase hambre y miseria\u201d, explic\u00f3 Alvarado.<\/p>\n\n\n\n<p>De acuerdo con un art\u00edculo publicado en el diario La Rep\u00fablica, titulado <em>En Costa Rica s\u00ed hay petr\u00f3leo, seg\u00fan Colegio de Ge\u00f3logos<\/em>, un estudio realizado por dicho ente, muestra que en nuestro pa\u00eds existen al menos 14 pozos con petr\u00f3leo ligero de buena calidad.<\/p>\n\n\n\n<p>\u201cEntre 1920 y 1975 se realizaron 18 pozos profundos en la zona sur de Lim\u00f3n: 17 terrestres y uno en la plataforma continental mar\u00edtima.<\/p>\n\n\n\n<p>\u201cDe dichas perforaciones, 14 pozos resultaron con muestras de petr\u00f3leo o gas natural, de acuerdo con los estudios recopilados por el Colegio de Ge\u00f3logos.<\/p>\n\n\n\n<p>\u201cCosta Rica tendr\u00eda un potencial equivalente a $270 mil millones en producci\u00f3n de petr\u00f3leo y gas, seg\u00fan estudios citados por Carlos Rold\u00e1n, investigador del Tecnol\u00f3gico de Costa Rica y consultor en energ\u00edas\u201d, indica el citado art\u00edculo.<\/p>\n\n\n\n<p><strong>Pol\u00e9mica por Recope<\/strong><\/p>\n\n\n\n<p>El proyecto presentado por el Gobierno contempla, entre otros temas, el cobro a los consumidores por la incursi\u00f3n de Recope en materia de energ\u00edas alternativas.<\/p>\n\n\n\n<p>Seg\u00fan indica el art\u00edculo 6 de la iniciativa, se autorizar\u00eda a la Refinadora a \u201cinvestigar, producir, industrializar, almacenar, transportar y comercializar fuentes de energ\u00eda alternativas, no convencionales, renovables y limpias, que le permitan al Estado costarricense satisfacer las necesidades energ\u00e9ticas de forma sostenible, en un mercado de competencia\u201d.<\/p>\n\n\n\n<p>De acuerdo al mismo art\u00edculo, Recope \u201cpodr\u00eda destinar, anualmente, hasta un 0,15% de sus ingresos presupuestados por la venta de bienes y servicios, previa autorizaci\u00f3n de la Junta Directiva\u201d.<\/p>\n\n\n\n<p>Al respecto, Fabricio Alvarado mostr\u00f3 su oposici\u00f3n al proyecto, porque considera que la propuesta busca asentar m\u00e1s el monopolio de la instituci\u00f3n.<\/p>\n\n\n\n<p>\u201cEstoy en contra de este proyecto de ley, porque solo viene a profundizar el monopolio de Recope; al igual que ocurre con los contratos de mantenimiento vial, quieren amarrar a las administraciones siguientes para que no pueda desarrollar ni siquiera el gas.<\/p>\n\n\n\n<p>\u201cEste proyecto le da potestades a Recope para dejar por fuera muchas inversiones que no tienen nada que ver con la explotaci\u00f3n petrolera; incluso, atenta contra las buenas pr\u00e1cticas que la Organizaci\u00f3n para la Cooperaci\u00f3n y el Desarrollo Econ\u00f3micos (OCDE) recomienda para pa\u00edses que quieran desarrollar econ\u00f3mica y socialmente su poblaci\u00f3n\u201d, recalc\u00f3 el pol\u00edtico.<\/p>\n\n\n\n<p>Incluso, Alvarado fue m\u00e1s all\u00e1 y opin\u00f3 que la instituci\u00f3n debe sufrir una reconversi\u00f3n en lo que es realmente; es decir, una intermediaria que compra y vende combustibles y que maneja una red de poliductos<\/p>\n\n\n\n<p>\u201cTiene que dejar de ser una caja chica de los gobiernos de turno; solo este gobierno le ha drenado m\u00e1s de 40.000 millones de colones que se dilapidaron en gastos corrientes del Ejecutivo y ning\u00fan provecho le ha dado al ciudadano.&nbsp;<\/p>\n\n\n\n<p>\u201cSe crearon subsidios cruzados perversos, impuestos que nadie sabe en qu\u00e9 se utilizan, entre otras cosas\u2026 Esta reconversi\u00f3n se traducir\u00e1 en una baja significativa en el precio final de los combustibles, por lo que cada costarricense tendr\u00e1 m\u00e1s dinero en su bolsillo parar mejorar su nivel&nbsp;de vida\u201d, subray\u00f3 el l\u00edder de Nueva Rep\u00fablica.<\/p>\n\n\n\n<p><strong>Tambi\u00e9n se opone<\/strong><\/p>\n\n\n\n<p>Similar criterio extern\u00f3 Rolando Araya, quien manifest\u00f3 su oposici\u00f3n a la apertura del monopolio.<\/p>\n\n\n\n<p>\u201cDadas las circunstancias en que est\u00e1 el pa\u00eds eso o lo maneja un monopolio p\u00fablico o lo maneja uno privado, y yo prefiero que lo maneje el monopolio p\u00fablico\u201d, asegur\u00f3.<\/p>\n\n\n\n<p>El exministro de Obras P\u00fablicas y Transportes a\u00f1ade que la percepci\u00f3n negativa del p\u00fablico hacia Recope tiene que ver con los abusos que se han presentado en la convenci\u00f3n colectiva que \u201cyo veo que se est\u00e1n corrigiendo y eliminando algunos de esos pluses\u201d.<\/p>\n\n\n\n<p>\u201cRecope hay que mejorarlo, corregirle una cantidad de cosas. No estoy de acuerdo en que la instituci\u00f3n maneje el tema de biocombustibles, como el alcohol, porque yo trabaj\u00e9 en eso muchos a\u00f1os y considero que no favorece al medio ambiente y dudo mucho que sea m\u00e1s econ\u00f3mico\u201d, apunt\u00f3.<\/p>\n\n\n\n<p>Asimismo, dijo estar a favor de la producci\u00f3n de biodiesel de coyol y biokeroseno de coyol para suplirle a la flota de aviones en el mundo que van a necesitar de estos combustibles<\/p>\n\n\n\n<p><strong>En contra<\/strong><\/p>\n\n\n\n<p>Mientras tanto, en las filas liberacionistas tambi\u00e9n est\u00e1n en contra de cualquier iniciativa que pretenda cargar a los usuarios el financiamiento de la instituci\u00f3n.<\/p>\n\n\n\n<p>\u201cLa fracci\u00f3n rechaza cualquier pretensi\u00f3n que busque cargar un nuevo impuesto sobre los combustibles para financiar iniciativas relacionadas con la materia\u201d, asegur\u00f3 la jefa de la bancada verdiblanca, Mar\u00eda Jos\u00e9 Corrales, mediante un comunicado de prensa. Agreg\u00f3 adem\u00e1s su oposici\u00f3n a la exploraci\u00f3n y explotaci\u00f3n petrolera y gas natural en el pa\u00eds.<\/p>\n\n\n\n<p>Al mismo tiempo, la ministra de la Presidencia, Giannina Dinarte, admiti\u00f3 que el tema de la inclusi\u00f3n de Recope en el proyecto de ley podr\u00eda someterse a revisi\u00f3n.<\/p>\n\n\n\n<p>\u201cEntendiendo que hay observaciones con respecto al rol que se le asigna a la Refinadora Costarricense de Petr\u00f3leo (Recope), y que contamos con los mecanismos procesales que habilita el Reglamento Legislativo para realizar los ajustes que se consideren necesarios en el Plenario Legislativo, es que el Poder Ejecutivo est\u00e1 anuente a acompa\u00f1ar el proceso que permita subsanar estas observaciones y poder as\u00ed viabilizar su aprobaci\u00f3n\u2026\u201d, indic\u00f3 la jerarca.<\/p>\n","protected":false},"excerpt":{"rendered":"<p>Jos\u00e9 Mar\u00eda Figueres est\u00e1 en contra, mientras Fabricio Alvarado y Rolando Araya consideran que es viable siempre y cuando se controlen los aspectos ambientales. Los tres pol\u00edticos se oponen a la participaci\u00f3n de Recope dentro del proyecto de ley impulsado por el Poder Ejecutivo. Mientras el gobierno de la Rep\u00fablica y el candidato del Partido [&hellip;]<\/p>\n","protected":false},"author":1,"featured_media":759,"comment_status":"closed","ping_status":"closed","sticky":false,"template":"","format":"standard","meta":{"_monsterinsights_skip_tracking":false,"_monsterinsights_sitenote_active":false,"_monsterinsights_sitenote_note":"","_monsterinsights_sitenote_category":0,"footnotes":""},"categories":[98],"tags":[99,101,100],"class_list":["post-757","post","type-post","status-publish","format-standard","has-post-thumbnail","hentry","category-explotacion-petrolera","tag-candidatos-presidenciales","tag-explotacion-petrolera","tag-petroleo-2"],"aioseo_notices":[],"_links":{"self":[{"href":"https:\/\/revistagasolineros.com\/index.php\/wp-json\/wp\/v2\/posts\/757","targetHints":{"allow":["GET"]}}],"collection":[{"href":"https:\/\/revistagasolineros.com\/index.php\/wp-json\/wp\/v2\/posts"}],"about":[{"href":"https:\/\/revistagasolineros.com\/index.php\/wp-json\/wp\/v2\/types\/post"}],"author":[{"embeddable":true,"href":"https:\/\/revistagasolineros.com\/index.php\/wp-json\/wp\/v2\/users\/1"}],"replies":[{"embeddable":true,"href":"https:\/\/revistagasolineros.com\/index.php\/wp-json\/wp\/v2\/comments?post=757"}],"version-history":[{"count":2,"href":"https:\/\/revistagasolineros.com\/index.php\/wp-json\/wp\/v2\/posts\/757\/revisions"}],"predecessor-version":[{"id":761,"href":"https:\/\/revistagasolineros.com\/index.php\/wp-json\/wp\/v2\/posts\/757\/revisions\/761"}],"wp:featuredmedia":[{"embeddable":true,"href":"https:\/\/revistagasolineros.com\/index.php\/wp-json\/wp\/v2\/media\/759"}],"wp:attachment":[{"href":"https:\/\/revistagasolineros.com\/index.php\/wp-json\/wp\/v2\/media?parent=757"}],"wp:term":[{"taxonomy":"category","embeddable":true,"href":"https:\/\/revistagasolineros.com\/index.php\/wp-json\/wp\/v2\/categories?post=757"},{"taxonomy":"post_tag","embeddable":true,"href":"https:\/\/revistagasolineros.com\/index.php\/wp-json\/wp\/v2\/tags?post=757"}],"curies":[{"name":"wp","href":"https:\/\/api.w.org\/{rel}","templated":true}]}}